{"id":2282,"date":"2025-12-22T18:30:46","date_gmt":"2025-12-22T17:30:46","guid":{"rendered":"https:\/\/www.sakerhetsforetagen.se\/?p=2282"},"modified":"2025-12-22T18:32:46","modified_gmt":"2025-12-22T17:32:46","slug":"ny-forbundsdirektor-for-almega-sakerhetsforetagen","status":"publish","type":"post","link":"https:\/\/www.sakerhetsforetagen.se\/2025\/12\/22\/ny-forbundsdirektor-for-almega-sakerhetsforetagen\/","title":{"rendered":"Ny f\u00f6rbundsdirekt\u00f6r f\u00f6r Almega S\u00e4kerhets\u00adf\u00f6retagen"},"content":{"rendered":"<p class=\"intro\">Maria Elinder blir ny f\u00f6rbundsdirekt\u00f6r f\u00f6r S\u00e4kerhetsf\u00f6retagen. Hon kommer n\u00e4rmast fr\u00e5n en tj\u00e4nst som utvecklingschef inom Almega och tilltr\u00e4der sin nya tj\u00e4nst vid \u00e5rsskiftet.<\/p>\n\n<p>\u2013 Jag \u00e4r glad \u00f6ver f\u00f6rtroendet och enormt motiverad att leda S\u00e4kerhetsf\u00f6retagen vars medlemmar fyller en allt viktigare funktion i samh\u00e4llet genom att \u00f6ka tryggheten i offentliga milj\u00f6er, skolor, kollektivtrafik och vid evenemang. I tider av \u00f6kad g\u00e4ngkriminalitet och v\u00e5ld \u00e4r deras insats avg\u00f6rande f\u00f6r att avlasta polisen i det offentliga trygghetsarbetet, s\u00e4ger Maria Elinder.<\/p>\n\n\n\n<p>Maria Elinder har en gedigen bakgrund inom arbetsr\u00e4tt och f\u00f6rhandling. N\u00e4rmast kommer hon fr\u00e5n tj\u00e4nsten som utvecklingschef p\u00e5 Almega d\u00e4r hon drivit strategiska projekt inom digitalisering och AI, samt arbetat med kompetensomst\u00e4llning och ledarskapsutveckling.<\/p>\n\n\n\n<p>\u2013 Jag \u00e4r mycket glad \u00f6ver att kunna v\u00e4lkomna Maria Elinder till S\u00e4kerhetsf\u00f6retagen. Hennes gedigna erfarenhet fr\u00e5n f\u00f6rhandlingar och arbetsgivarst\u00f6d i kombination i med den kompetens hon byggt upp kring framtidens arbetsmarknad g\u00f6r henne till ett ov\u00e4rderligt tillskott i v\u00e5r bransch som \u00e4r under stark tillv\u00e4xt och omst\u00e4llning inom tj\u00e4nstesektorn, s\u00e4ger S\u00e4kerhetsf\u00f6retagens ordf\u00f6rande Joakim K\u00e4llsholm.<\/p>\n\n\n\n<p>Almegas vd, Ann \u00d6berg, \u00e4r ocks\u00e5 n\u00f6jd med rekryteringen.<\/p>\n\n\n\n<p>\u2013 Givet det aff\u00e4rsutvecklingsarbete som skett under Maria Elinders ledning p\u00e5 Almega \u00e4r jag \u00f6vertygad om att hon kommer att g\u00f6ra ett viktigt och v\u00e4rdefullt arbete f\u00f6r S\u00e4kerhetsf\u00f6retagen. Samtidigt blir hon kvar inom Almega och jag ser fram emot att vi \u00e4ven forts\u00e4ttningsvis f\u00e5r skapa de b\u00e4sta f\u00f6ruts\u00e4ttningarna tillsammans f\u00f6r medlemsf\u00f6retagen, s\u00e4ger Ann \u00d6berg.<\/p>\n","protected":false},"excerpt":{"rendered":"<p>\u2013 Jag \u00e4r glad \u00f6ver f\u00f6rtroendet och enormt motiverad att leda S\u00e4kerhetsf\u00f6retagen vars medlemmar fyller en allt viktigare funktion i samh\u00e4llet genom att \u00f6ka tryggheten i offentliga milj\u00f6er, skolor, kollektivtrafik och vid evenemang. I tider &hellip;<\/p>\n","protected":false},"author":21574,"featured_media":2285,"comment_status":"open","ping_status":"open","sticky":false,"template":"","format":"standard","meta":{"_acf_changed":false,"footnotes":""},"categories":[155],"tags":[156],"article_type":[],"agreement":[],"for-members":[],"class_list":["post-2282","post","type-post","status-publish","format-standard","has-post-thumbnail","hentry","category-aktuellt","tag-pressmeddelande"],"acf":[],"yoast_head":"<!-- This site is optimized with the Yoast SEO plugin v26.8 - https:\/\/yoast.com\/product\/yoast-seo-wordpress\/ -->\n<title>Ny f\u00f6rbundsdirekt\u00f6r f\u00f6r Almega S\u00e4kerhets\u00adf\u00f6retagen - S\u00e4kerhetsf\u00f6retagen<\/title>\n<meta name=\"robots\" content=\"index, follow, max-snippet:-1, max-image-preview:large, max-video-preview:-1\" \/>\n<link rel=\"canonical\" href=\"https:\/\/www.sakerhetsforetagen.se\/2025\/12\/22\/ny-forbundsdirektor-for-almega-sakerhetsforetagen\/\" \/>\n<meta property=\"og:locale\" content=\"sv_SE\" \/>\n<meta property=\"og:type\" content=\"article\" \/>\n<meta property=\"og:title\" content=\"Ny f\u00f6rbundsdirekt\u00f6r f\u00f6r Almega S\u00e4kerhets\u00adf\u00f6retagen - S\u00e4kerhetsf\u00f6retagen\" \/>\n<meta property=\"og:description\" content=\"\u2013 Jag \u00e4r glad \u00f6ver f\u00f6rtroendet och enormt motiverad att leda S\u00e4kerhetsf\u00f6retagen vars medlemmar fyller en allt viktigare funktion i samh\u00e4llet genom att \u00f6ka tryggheten i offentliga milj\u00f6er, skolor, kollektivtrafik och vid evenemang. I tider &hellip;\" \/>\n<meta property=\"og:url\" content=\"https:\/\/www.sakerhetsforetagen.se\/2025\/12\/22\/ny-forbundsdirektor-for-almega-sakerhetsforetagen\/\" \/>\n<meta property=\"og:site_name\" content=\"S\u00e4kerhetsf\u00f6retagen\" \/>\n<meta property=\"article:published_time\" content=\"2025-12-22T17:30:46+00:00\" \/>\n<meta property=\"article:modified_time\" content=\"2025-12-22T17:32:46+00:00\" \/>\n<meta property=\"og:image\" content=\"https:\/\/www.sakerhetsforetagen.se\/app\/uploads\/sites\/11\/2025\/12\/Maria_Elinder_DSF2681-scaled.jpg\" \/>\n\t<meta property=\"og:image:width\" content=\"2560\" \/>\n\t<meta property=\"og:image:height\" content=\"1920\" \/>\n\t<meta property=\"og:image:type\" content=\"image\/jpeg\" \/>\n<meta name=\"author\" content=\"Sandra Mildenberger\" \/>\n<meta name=\"twitter:card\" content=\"summary_large_image\" \/>\n<meta name=\"twitter:label1\" content=\"Skriven av\" \/>\n\t<meta name=\"twitter:data1\" content=\"Sandra Mildenberger\" \/>\n\t<meta name=\"twitter:label2\" content=\"Ber\u00e4knad l\u00e4stid\" \/>\n\t<meta name=\"twitter:data2\" content=\"2 minuter\" \/>\n<!-- \/ Yoast SEO plugin. -->","yoast_head_json":{"title":"Ny f\u00f6rbundsdirekt\u00f6r f\u00f6r Almega S\u00e4kerhets\u00adf\u00f6retagen - S\u00e4kerhetsf\u00f6retagen","robots":{"index":"index","follow":"follow","max-snippet":"max-snippet:-1","max-image-preview":"max-image-preview:large","max-video-preview":"max-video-preview:-1"},"canonical":"https:\/\/www.sakerhetsforetagen.se\/2025\/12\/22\/ny-forbundsdirektor-for-almega-sakerhetsforetagen\/","og_locale":"sv_SE","og_type":"article","og_title":"Ny f\u00f6rbundsdirekt\u00f6r f\u00f6r Almega S\u00e4kerhets\u00adf\u00f6retagen - S\u00e4kerhetsf\u00f6retagen","og_description":"\u2013 Jag \u00e4r glad \u00f6ver f\u00f6rtroendet och enormt motiverad att leda S\u00e4kerhetsf\u00f6retagen vars medlemmar fyller en allt viktigare funktion i samh\u00e4llet genom att \u00f6ka tryggheten i offentliga milj\u00f6er, skolor, kollektivtrafik och vid evenemang. I tider &hellip;","og_url":"https:\/\/www.sakerhetsforetagen.se\/2025\/12\/22\/ny-forbundsdirektor-for-almega-sakerhetsforetagen\/","og_site_name":"S\u00e4kerhetsf\u00f6retagen","article_published_time":"2025-12-22T17:30:46+00:00","article_modified_time":"2025-12-22T17:32:46+00:00","og_image":[{"width":2560,"height":1920,"url":"https:\/\/www.sakerhetsforetagen.se\/app\/uploads\/sites\/11\/2025\/12\/Maria_Elinder_DSF2681-scaled.jpg","type":"image\/jpeg"}],"author":"Sandra Mildenberger","twitter_card":"summary_large_image","twitter_misc":{"Skriven av":"Sandra Mildenberger","Ber\u00e4knad l\u00e4stid":"2 minuter"},"schema":{"@context":"https:\/\/schema.org","@graph":[{"@type":"Article","@id":"https:\/\/www.sakerhetsforetagen.se\/2025\/12\/22\/ny-forbundsdirektor-for-almega-sakerhetsforetagen\/#article","isPartOf":{"@id":"https:\/\/www.sakerhetsforetagen.se\/2025\/12\/22\/ny-forbundsdirektor-for-almega-sakerhetsforetagen\/"},"author":{"name":"Sandra Mildenberger","@id":"https:\/\/www.sakerhetsforetagen.se\/#\/schema\/person\/432bf15cd5b8c34477366237d76e0e28"},"headline":"Ny f\u00f6rbundsdirekt\u00f6r f\u00f6r Almega S\u00e4kerhets\u00adf\u00f6retagen","datePublished":"2025-12-22T17:30:46+00:00","dateModified":"2025-12-22T17:32:46+00:00","mainEntityOfPage":{"@id":"https:\/\/www.sakerhetsforetagen.se\/2025\/12\/22\/ny-forbundsdirektor-for-almega-sakerhetsforetagen\/"},"wordCount":264,"commentCount":0,"image":{"@id":"https:\/\/www.sakerhetsforetagen.se\/2025\/12\/22\/ny-forbundsdirektor-for-almega-sakerhetsforetagen\/#primaryimage"},"thumbnailUrl":"https:\/\/www.sakerhetsforetagen.se\/app\/uploads\/sites\/11\/2025\/12\/Maria_Elinder_DSF2681-scaled.jpg","keywords":["Pressmeddelande"],"articleSection":["Aktuellt"],"inLanguage":"sv-SE","potentialAction":[{"@type":"CommentAction","name":"Comment","target":["https:\/\/www.sakerhetsforetagen.se\/2025\/12\/22\/ny-forbundsdirektor-for-almega-sakerhetsforetagen\/#respond"]}]},{"@type":"WebPage","@id":"https:\/\/www.sakerhetsforetagen.se\/2025\/12\/22\/ny-forbundsdirektor-for-almega-sakerhetsforetagen\/","url":"https:\/\/www.sakerhetsforetagen.se\/2025\/12\/22\/ny-forbundsdirektor-for-almega-sakerhetsforetagen\/","name":"Ny f\u00f6rbundsdirekt\u00f6r f\u00f6r Almega S\u00e4kerhets\u00adf\u00f6retagen - S\u00e4kerhetsf\u00f6retagen","isPartOf":{"@id":"https:\/\/www.sakerhetsforetagen.se\/#website"},"primaryImageOfPage":{"@id":"https:\/\/www.sakerhetsforetagen.se\/2025\/12\/22\/ny-forbundsdirektor-for-almega-sakerhetsforetagen\/#primaryimage"},"image":{"@id":"https:\/\/www.sakerhetsforetagen.se\/2025\/12\/22\/ny-forbundsdirektor-for-almega-sakerhetsforetagen\/#primaryimage"},"thumbnailUrl":"https:\/\/www.sakerhetsforetagen.se\/app\/uploads\/sites\/11\/2025\/12\/Maria_Elinder_DSF2681-scaled.jpg","datePublished":"2025-12-22T17:30:46+00:00","dateModified":"2025-12-22T17:32:46+00:00","author":{"@id":"https:\/\/www.sakerhetsforetagen.se\/#\/schema\/person\/432bf15cd5b8c34477366237d76e0e28"},"breadcrumb":{"@id":"https:\/\/www.sakerhetsforetagen.se\/2025\/12\/22\/ny-forbundsdirektor-for-almega-sakerhetsforetagen\/#breadcrumb"},"inLanguage":"sv-SE","potentialAction":[{"@type":"ReadAction","target":["https:\/\/www.sakerhetsforetagen.se\/2025\/12\/22\/ny-forbundsdirektor-for-almega-sakerhetsforetagen\/"]}]},{"@type":"ImageObject","inLanguage":"sv-SE","@id":"https:\/\/www.sakerhetsforetagen.se\/2025\/12\/22\/ny-forbundsdirektor-for-almega-sakerhetsforetagen\/#primaryimage","url":"https:\/\/www.sakerhetsforetagen.se\/app\/uploads\/sites\/11\/2025\/12\/Maria_Elinder_DSF2681-scaled.jpg","contentUrl":"https:\/\/www.sakerhetsforetagen.se\/app\/uploads\/sites\/11\/2025\/12\/Maria_Elinder_DSF2681-scaled.jpg","width":2560,"height":1920},{"@type":"BreadcrumbList","@id":"https:\/\/www.sakerhetsforetagen.se\/2025\/12\/22\/ny-forbundsdirektor-for-almega-sakerhetsforetagen\/#breadcrumb","itemListElement":[{"@type":"ListItem","position":1,"name":"Home","item":"https:\/\/www.sakerhetsforetagen.se\/"},{"@type":"ListItem","position":2,"name":"Ny f\u00f6rbundsdirekt\u00f6r f\u00f6r Almega S\u00e4kerhets\u00adf\u00f6retagen"}]},{"@type":"WebSite","@id":"https:\/\/www.sakerhetsforetagen.se\/#website","url":"https:\/\/www.sakerhetsforetagen.se\/","name":"S\u00e4kerhetsf\u00f6retagen","description":"","potentialAction":[{"@type":"SearchAction","target":{"@type":"EntryPoint","urlTemplate":"https:\/\/www.sakerhetsforetagen.se\/?s={search_term_string}"},"query-input":{"@type":"PropertyValueSpecification","valueRequired":true,"valueName":"search_term_string"}}],"inLanguage":"sv-SE"},{"@type":"Person","@id":"https:\/\/www.sakerhetsforetagen.se\/#\/schema\/person\/432bf15cd5b8c34477366237d76e0e28","name":"Sandra Mildenberger","image":{"@type":"ImageObject","inLanguage":"sv-SE","@id":"https:\/\/www.sakerhetsforetagen.se\/#\/schema\/person\/image\/","url":"https:\/\/secure.gravatar.com\/avatar\/303ee6ef75fa0849b0b85e527659b8bf3457cd9509f76c13628965581b041b41?s=96&d=mm&r=g","contentUrl":"https:\/\/secure.gravatar.com\/avatar\/303ee6ef75fa0849b0b85e527659b8bf3457cd9509f76c13628965581b041b41?s=96&d=mm&r=g","caption":"Sandra Mildenberger"},"url":"https:\/\/www.sakerhetsforetagen.se\/person\/sandramildenberger\/"}]}},"_links":{"self":[{"href":"https:\/\/www.sakerhetsforetagen.se\/api\/wp\/v2\/posts\/2282","targetHints":{"allow":["GET"]}}],"collection":[{"href":"https:\/\/www.sakerhetsforetagen.se\/api\/wp\/v2\/posts"}],"about":[{"href":"https:\/\/www.sakerhetsforetagen.se\/api\/wp\/v2\/types\/post"}],"author":[{"embeddable":true,"href":"https:\/\/www.sakerhetsforetagen.se\/api\/wp\/v2\/users\/21574"}],"replies":[{"embeddable":true,"href":"https:\/\/www.sakerhetsforetagen.se\/api\/wp\/v2\/comments?post=2282"}],"version-history":[{"count":1,"href":"https:\/\/www.sakerhetsforetagen.se\/api\/wp\/v2\/posts\/2282\/revisions"}],"predecessor-version":[{"id":2284,"href":"https:\/\/www.sakerhetsforetagen.se\/api\/wp\/v2\/posts\/2282\/revisions\/2284"}],"wp:featuredmedia":[{"embeddable":true,"href":"https:\/\/www.sakerhetsforetagen.se\/api\/wp\/v2\/media\/2285"}],"wp:attachment":[{"href":"https:\/\/www.sakerhetsforetagen.se\/api\/wp\/v2\/media?parent=2282"}],"wp:term":[{"taxonomy":"category","embeddable":true,"href":"https:\/\/www.sakerhetsforetagen.se\/api\/wp\/v2\/categories?post=2282"},{"taxonomy":"post_tag","embeddable":true,"href":"https:\/\/www.sakerhetsforetagen.se\/api\/wp\/v2\/tags?post=2282"},{"taxonomy":"type","embeddable":true,"href":"https:\/\/www.sakerhetsforetagen.se\/api\/wp\/v2\/article_type?post=2282"},{"taxonomy":"agreement","embeddable":true,"href":"https:\/\/www.sakerhetsforetagen.se\/api\/wp\/v2\/agreement?post=2282"},{"taxonomy":"for-members","embeddable":true,"href":"https:\/\/www.sakerhetsforetagen.se\/api\/wp\/v2\/for-members?post=2282"}],"curies":[{"name":"wp","href":"https:\/\/api.w.org\/{rel}","templated":true}]}}