{"id":2273,"date":"2025-12-10T17:30:35","date_gmt":"2025-12-10T16:30:35","guid":{"rendered":"https:\/\/www.sakerhetsforetagen.se\/?p=2273"},"modified":"2025-12-10T17:30:36","modified_gmt":"2025-12-10T16:30:36","slug":"regeringen-mojliggor-for-civilplikt-inom-bevakningsverksamhet","status":"publish","type":"post","link":"https:\/\/www.sakerhetsforetagen.se\/2025\/12\/10\/regeringen-mojliggor-for-civilplikt-inom-bevakningsverksamhet\/","title":{"rendered":"Regeringen m\u00f6jligg\u00f6r f\u00f6r civilplikt inom bevaknings&shy;verksamhet"},"content":{"rendered":"\n<p>S\u00e4kerhetsf\u00f6retagen v\u00e4lkomnar regeringens beslut att aktivera civilplikten brett i syfte att st\u00e4rka personalf\u00f6rs\u00f6rjningen inom totalf\u00f6rsvaret. Det \u00e4r s\u00e4rskilt gl\u00e4djande att \u00e4ven bevakningsverksamhet fr\u00e5n och med den 1 januari 2026 ing\u00e5r i den lista av verksamheter d\u00e4r civilplikt kan anv\u00e4ndas.<br><br>&#8211; Detta beslut g\u00e5r helt i linje med branschens vilja. Civilplikt \u00e4r helt avg\u00f6rande f\u00f6r att tillgodose det \u00f6kade behovet av bevakning vid h\u00f6jd beredskap. Vi f\u00f6rv\u00e4ntar oss nu att regeringen ger <strong>Polismyndigheten<\/strong> i uppdrag att f\u00f6resl\u00e5 hur civilplikt snarast ska kunna inf\u00f6ras. V\u00e5r bransch st\u00e5r redo att ta v\u00e5r del av ansvaret i detta, kommenterar v\u00e5r n\u00e4ringspolitiska chef <strong>Pontus Lindstr\u00f6m<\/strong>.<\/p>\n\n\n\n<p><a href=\"https:\/\/www.regeringen.se\/pressmeddelanden\/2025\/12\/regeringen-breddar-civilplikten\/\">L\u00e4s regeringens pressmeddelande h\u00e4r.<\/a><\/p>\n","protected":false},"excerpt":{"rendered":"<p>S\u00e4kerhetsf\u00f6retagen v\u00e4lkomnar regeringens beslut att aktivera civilplikten brett i syfte att st\u00e4rka personalf\u00f6rs\u00f6rjningen inom totalf\u00f6rsvaret. Det \u00e4r s\u00e4rskilt gl\u00e4djande att \u00e4ven bevakningsverksamhet fr\u00e5n och med den 1 januari 2026 ing\u00e5r i den lista av verksamheter &hellip;<\/p>\n","protected":false},"author":18172,"featured_media":2274,"comment_status":"open","ping_status":"open","sticky":false,"template":"","format":"standard","meta":{"_acf_changed":false,"footnotes":""},"categories":[155],"tags":[],"article_type":[],"agreement":[],"for-members":[],"class_list":["post-2273","post","type-post","status-publish","format-standard","has-post-thumbnail","hentry","category-aktuellt"],"acf":[],"yoast_head":"<!-- This site is optimized with the Yoast SEO plugin v26.8 - https:\/\/yoast.com\/product\/yoast-seo-wordpress\/ -->\n<title>Regeringen m\u00f6jligg\u00f6r f\u00f6r civilplikt inom bevakningsverksamhet - S\u00e4kerhetsf\u00f6retagen<\/title>\n<meta name=\"robots\" content=\"index, follow, max-snippet:-1, max-image-preview:large, max-video-preview:-1\" \/>\n<link rel=\"canonical\" href=\"https:\/\/www.sakerhetsforetagen.se\/2025\/12\/10\/regeringen-mojliggor-for-civilplikt-inom-bevakningsverksamhet\/\" \/>\n<meta property=\"og:locale\" content=\"sv_SE\" \/>\n<meta property=\"og:type\" content=\"article\" \/>\n<meta property=\"og:title\" content=\"Regeringen m\u00f6jligg\u00f6r f\u00f6r civilplikt inom bevakningsverksamhet - S\u00e4kerhetsf\u00f6retagen\" \/>\n<meta property=\"og:description\" content=\"S\u00e4kerhetsf\u00f6retagen v\u00e4lkomnar regeringens beslut att aktivera civilplikten brett i syfte att st\u00e4rka personalf\u00f6rs\u00f6rjningen inom totalf\u00f6rsvaret. Det \u00e4r s\u00e4rskilt gl\u00e4djande att \u00e4ven bevakningsverksamhet fr\u00e5n och med den 1 januari 2026 ing\u00e5r i den lista av verksamheter &hellip;\" \/>\n<meta property=\"og:url\" content=\"https:\/\/www.sakerhetsforetagen.se\/2025\/12\/10\/regeringen-mojliggor-for-civilplikt-inom-bevakningsverksamhet\/\" \/>\n<meta property=\"og:site_name\" content=\"S\u00e4kerhetsf\u00f6retagen\" \/>\n<meta property=\"article:published_time\" content=\"2025-12-10T16:30:35+00:00\" \/>\n<meta property=\"article:modified_time\" content=\"2025-12-10T16:30:36+00:00\" \/>\n<meta property=\"og:image\" content=\"https:\/\/www.sakerhetsforetagen.se\/app\/uploads\/sites\/11\/2025\/12\/Pontus-Lindstrom-naringspolitisk-chef-Sakerhetsforetagen.png\" \/>\n\t<meta property=\"og:image:width\" content=\"1293\" \/>\n\t<meta property=\"og:image:height\" content=\"1020\" \/>\n\t<meta property=\"og:image:type\" content=\"image\/png\" \/>\n<meta name=\"author\" content=\"Pontus Lindstr\u00f6m\" \/>\n<meta name=\"twitter:card\" content=\"summary_large_image\" \/>\n<meta name=\"twitter:label1\" content=\"Skriven av\" \/>\n\t<meta name=\"twitter:data1\" content=\"Pontus Lindstr\u00f6m\" \/>\n\t<meta name=\"twitter:label2\" content=\"Ber\u00e4knad l\u00e4stid\" \/>\n\t<meta name=\"twitter:data2\" content=\"1 minut\" \/>\n<!-- \/ Yoast SEO plugin. -->","yoast_head_json":{"title":"Regeringen m\u00f6jligg\u00f6r f\u00f6r civilplikt inom bevakningsverksamhet - S\u00e4kerhetsf\u00f6retagen","robots":{"index":"index","follow":"follow","max-snippet":"max-snippet:-1","max-image-preview":"max-image-preview:large","max-video-preview":"max-video-preview:-1"},"canonical":"https:\/\/www.sakerhetsforetagen.se\/2025\/12\/10\/regeringen-mojliggor-for-civilplikt-inom-bevakningsverksamhet\/","og_locale":"sv_SE","og_type":"article","og_title":"Regeringen m\u00f6jligg\u00f6r f\u00f6r civilplikt inom bevakningsverksamhet - S\u00e4kerhetsf\u00f6retagen","og_description":"S\u00e4kerhetsf\u00f6retagen v\u00e4lkomnar regeringens beslut att aktivera civilplikten brett i syfte att st\u00e4rka personalf\u00f6rs\u00f6rjningen inom totalf\u00f6rsvaret. Det \u00e4r s\u00e4rskilt gl\u00e4djande att \u00e4ven bevakningsverksamhet fr\u00e5n och med den 1 januari 2026 ing\u00e5r i den lista av verksamheter &hellip;","og_url":"https:\/\/www.sakerhetsforetagen.se\/2025\/12\/10\/regeringen-mojliggor-for-civilplikt-inom-bevakningsverksamhet\/","og_site_name":"S\u00e4kerhetsf\u00f6retagen","article_published_time":"2025-12-10T16:30:35+00:00","article_modified_time":"2025-12-10T16:30:36+00:00","og_image":[{"width":1293,"height":1020,"url":"https:\/\/www.sakerhetsforetagen.se\/app\/uploads\/sites\/11\/2025\/12\/Pontus-Lindstrom-naringspolitisk-chef-Sakerhetsforetagen.png","type":"image\/png"}],"author":"Pontus Lindstr\u00f6m","twitter_card":"summary_large_image","twitter_misc":{"Skriven av":"Pontus Lindstr\u00f6m","Ber\u00e4knad l\u00e4stid":"1 minut"},"schema":{"@context":"https:\/\/schema.org","@graph":[{"@type":"Article","@id":"https:\/\/www.sakerhetsforetagen.se\/2025\/12\/10\/regeringen-mojliggor-for-civilplikt-inom-bevakningsverksamhet\/#article","isPartOf":{"@id":"https:\/\/www.sakerhetsforetagen.se\/2025\/12\/10\/regeringen-mojliggor-for-civilplikt-inom-bevakningsverksamhet\/"},"author":{"name":"Pontus Lindstr\u00f6m","@id":"https:\/\/www.sakerhetsforetagen.se\/#\/schema\/person\/b8fb1f06c5873724408d7b84a9413c10"},"headline":"Regeringen m\u00f6jligg\u00f6r f\u00f6r civilplikt inom bevaknings&shy;verksamhet","datePublished":"2025-12-10T16:30:35+00:00","dateModified":"2025-12-10T16:30:36+00:00","mainEntityOfPage":{"@id":"https:\/\/www.sakerhetsforetagen.se\/2025\/12\/10\/regeringen-mojliggor-for-civilplikt-inom-bevakningsverksamhet\/"},"wordCount":140,"commentCount":0,"image":{"@id":"https:\/\/www.sakerhetsforetagen.se\/2025\/12\/10\/regeringen-mojliggor-for-civilplikt-inom-bevakningsverksamhet\/#primaryimage"},"thumbnailUrl":"https:\/\/www.sakerhetsforetagen.se\/app\/uploads\/sites\/11\/2025\/12\/Pontus-Lindstrom-naringspolitisk-chef-Sakerhetsforetagen.png","articleSection":["Aktuellt"],"inLanguage":"sv-SE","potentialAction":[{"@type":"CommentAction","name":"Comment","target":["https:\/\/www.sakerhetsforetagen.se\/2025\/12\/10\/regeringen-mojliggor-for-civilplikt-inom-bevakningsverksamhet\/#respond"]}]},{"@type":"WebPage","@id":"https:\/\/www.sakerhetsforetagen.se\/2025\/12\/10\/regeringen-mojliggor-for-civilplikt-inom-bevakningsverksamhet\/","url":"https:\/\/www.sakerhetsforetagen.se\/2025\/12\/10\/regeringen-mojliggor-for-civilplikt-inom-bevakningsverksamhet\/","name":"Regeringen m\u00f6jligg\u00f6r f\u00f6r civilplikt inom bevakningsverksamhet - S\u00e4kerhetsf\u00f6retagen","isPartOf":{"@id":"https:\/\/www.sakerhetsforetagen.se\/#website"},"primaryImageOfPage":{"@id":"https:\/\/www.sakerhetsforetagen.se\/2025\/12\/10\/regeringen-mojliggor-for-civilplikt-inom-bevakningsverksamhet\/#primaryimage"},"image":{"@id":"https:\/\/www.sakerhetsforetagen.se\/2025\/12\/10\/regeringen-mojliggor-for-civilplikt-inom-bevakningsverksamhet\/#primaryimage"},"thumbnailUrl":"https:\/\/www.sakerhetsforetagen.se\/app\/uploads\/sites\/11\/2025\/12\/Pontus-Lindstrom-naringspolitisk-chef-Sakerhetsforetagen.png","datePublished":"2025-12-10T16:30:35+00:00","dateModified":"2025-12-10T16:30:36+00:00","author":{"@id":"https:\/\/www.sakerhetsforetagen.se\/#\/schema\/person\/b8fb1f06c5873724408d7b84a9413c10"},"breadcrumb":{"@id":"https:\/\/www.sakerhetsforetagen.se\/2025\/12\/10\/regeringen-mojliggor-for-civilplikt-inom-bevakningsverksamhet\/#breadcrumb"},"inLanguage":"sv-SE","potentialAction":[{"@type":"ReadAction","target":["https:\/\/www.sakerhetsforetagen.se\/2025\/12\/10\/regeringen-mojliggor-for-civilplikt-inom-bevakningsverksamhet\/"]}]},{"@type":"ImageObject","inLanguage":"sv-SE","@id":"https:\/\/www.sakerhetsforetagen.se\/2025\/12\/10\/regeringen-mojliggor-for-civilplikt-inom-bevakningsverksamhet\/#primaryimage","url":"https:\/\/www.sakerhetsforetagen.se\/app\/uploads\/sites\/11\/2025\/12\/Pontus-Lindstrom-naringspolitisk-chef-Sakerhetsforetagen.png","contentUrl":"https:\/\/www.sakerhetsforetagen.se\/app\/uploads\/sites\/11\/2025\/12\/Pontus-Lindstrom-naringspolitisk-chef-Sakerhetsforetagen.png","width":1293,"height":1020,"caption":"Pontus Lindstr\u00f6m, n\u00e4ringspolitisk chef S\u00e4kerhetsf\u00f6retagen"},{"@type":"BreadcrumbList","@id":"https:\/\/www.sakerhetsforetagen.se\/2025\/12\/10\/regeringen-mojliggor-for-civilplikt-inom-bevakningsverksamhet\/#breadcrumb","itemListElement":[{"@type":"ListItem","position":1,"name":"Home","item":"https:\/\/www.sakerhetsforetagen.se\/"},{"@type":"ListItem","position":2,"name":"Regeringen m\u00f6jligg\u00f6r f\u00f6r civilplikt inom bevaknings&shy;verksamhet"}]},{"@type":"WebSite","@id":"https:\/\/www.sakerhetsforetagen.se\/#website","url":"https:\/\/www.sakerhetsforetagen.se\/","name":"S\u00e4kerhetsf\u00f6retagen","description":"","potentialAction":[{"@type":"SearchAction","target":{"@type":"EntryPoint","urlTemplate":"https:\/\/www.sakerhetsforetagen.se\/?s={search_term_string}"},"query-input":{"@type":"PropertyValueSpecification","valueRequired":true,"valueName":"search_term_string"}}],"inLanguage":"sv-SE"},{"@type":"Person","@id":"https:\/\/www.sakerhetsforetagen.se\/#\/schema\/person\/b8fb1f06c5873724408d7b84a9413c10","name":"Pontus Lindstr\u00f6m","image":{"@type":"ImageObject","inLanguage":"sv-SE","@id":"https:\/\/www.sakerhetsforetagen.se\/#\/schema\/person\/image\/","url":"https:\/\/secure.gravatar.com\/avatar\/632a95919c36ce5d60038328122952c88471e469f32339875062cf6161411ade?s=96&d=mm&r=g","contentUrl":"https:\/\/secure.gravatar.com\/avatar\/632a95919c36ce5d60038328122952c88471e469f32339875062cf6161411ade?s=96&d=mm&r=g","caption":"Pontus Lindstr\u00f6m"},"url":"https:\/\/www.sakerhetsforetagen.se\/person\/pontuslindstrom\/"}]}},"_links":{"self":[{"href":"https:\/\/www.sakerhetsforetagen.se\/api\/wp\/v2\/posts\/2273","targetHints":{"allow":["GET"]}}],"collection":[{"href":"https:\/\/www.sakerhetsforetagen.se\/api\/wp\/v2\/posts"}],"about":[{"href":"https:\/\/www.sakerhetsforetagen.se\/api\/wp\/v2\/types\/post"}],"author":[{"embeddable":true,"href":"https:\/\/www.sakerhetsforetagen.se\/api\/wp\/v2\/users\/18172"}],"replies":[{"embeddable":true,"href":"https:\/\/www.sakerhetsforetagen.se\/api\/wp\/v2\/comments?post=2273"}],"version-history":[{"count":1,"href":"https:\/\/www.sakerhetsforetagen.se\/api\/wp\/v2\/posts\/2273\/revisions"}],"predecessor-version":[{"id":2275,"href":"https:\/\/www.sakerhetsforetagen.se\/api\/wp\/v2\/posts\/2273\/revisions\/2275"}],"wp:featuredmedia":[{"embeddable":true,"href":"https:\/\/www.sakerhetsforetagen.se\/api\/wp\/v2\/media\/2274"}],"wp:attachment":[{"href":"https:\/\/www.sakerhetsforetagen.se\/api\/wp\/v2\/media?parent=2273"}],"wp:term":[{"taxonomy":"category","embeddable":true,"href":"https:\/\/www.sakerhetsforetagen.se\/api\/wp\/v2\/categories?post=2273"},{"taxonomy":"post_tag","embeddable":true,"href":"https:\/\/www.sakerhetsforetagen.se\/api\/wp\/v2\/tags?post=2273"},{"taxonomy":"type","embeddable":true,"href":"https:\/\/www.sakerhetsforetagen.se\/api\/wp\/v2\/article_type?post=2273"},{"taxonomy":"agreement","embeddable":true,"href":"https:\/\/www.sakerhetsforetagen.se\/api\/wp\/v2\/agreement?post=2273"},{"taxonomy":"for-members","embeddable":true,"href":"https:\/\/www.sakerhetsforetagen.se\/api\/wp\/v2\/for-members?post=2273"}],"curies":[{"name":"wp","href":"https:\/\/api.w.org\/{rel}","templated":true}]}}