{"id":2261,"date":"2025-10-26T19:01:16","date_gmt":"2025-10-26T18:01:16","guid":{"rendered":"https:\/\/www.sakerhetsforetagen.se\/?p=2261"},"modified":"2025-10-26T19:12:02","modified_gmt":"2025-10-26T18:12:02","slug":"nej-till-kommunala-sakerhetsbolag","status":"publish","type":"post","link":"https:\/\/www.sakerhetsforetagen.se\/2025\/10\/26\/nej-till-kommunala-sakerhetsbolag\/","title":{"rendered":"&#8221;Nej till kommunala s\u00e4kerhetsbolag&#8221;"},"content":{"rendered":"<p class=\"intro\">S\u00e4kerhetsf\u00f6retagens ordf\u00f6rande Joachim K\u00e4llsholm kommenterar Moderaternas f\u00f6rslag om kommunala s\u00e4kerhetsvakter.<\/p>\n\n<p>Moderaternas vilja att st\u00e4rka tryggheten i v\u00e5ra kommuner \u00e4r b\u00e5de aktuell och n\u00f6dv\u00e4ndig, vilket jag och S\u00e4kerhetsf\u00f6retagen st\u00f6der till fullo. Inf\u00f6randet av h\u00f6gre krav p\u00e5 ordningsvakter, ett \u00f6kat r\u00e4ttsskydd och mer flexibla LOV-omr\u00e5den \u00e4r m\u00e5nga bra exempel p\u00e5 \u00e5tg\u00e4rder som har tagits fram \u2013 men v\u00e4gen dit riskerar att bli fel med det nya f\u00f6rslaget.<br><br>F\u00f6rslaget om att kommuner sj\u00e4lva ska anst\u00e4lla \u201ds\u00e4kerhetsvakter\u201d med delvis polisi\u00e4ra befogenheter \u00e4r inte en l\u00f6sning, utan ett steg bort fr\u00e5n b\u00e5de effektivitet och professionalism. Trygghetsarbete \u00e4r komplext och kr\u00e4ver specialistkunskap, kontinuerlig utbildning, tekniskt st\u00f6d och tydlig tillsyn.<br><br>Sverige har d\u00e4rf\u00f6r sedan l\u00e4nge ett system med auktoriserade s\u00e4kerhetsf\u00f6retag, ordningsvakter och v\u00e4ktare \u2013 yrkespersoner som \u00e4r utbildade, certifierade och vana att agera i gr\u00e4nslandet mellan ordningsh\u00e5llning, service och riskhantering.<br><br>Att kommuner nu ska bygga egna s\u00e4kerhetsorganisationer, med personal som n\u00e4rmar sig en modern motsvarighet till \u201ckommunpolisen\u201d fr\u00e5n 1900-talets b\u00f6rjan, \u00e4r b\u00e5de ineffektivt och riskfyllt. Det medf\u00f6r \u00f6kade kostnader, otydliga ansvarsf\u00f6rh\u00e5llanden och risk f\u00f6r r\u00e4ttsos\u00e4kerhet. Kort sagt: ett f\u00f6rs\u00f6k att l\u00f6sa ett resursproblem med en strukturell fr\u00e5ga \u2013 och det fungerar aldrig.<br><br>Kommunerna har ett tydligt uppdrag att driva k\u00e4rnverksamhet s\u00e5som infrastruktur och lokal utveckling, samt att tillhandah\u00e5lla och upphandla den b\u00e4sta v\u00e5rden, skolan och omsorgen. S\u00e4kerhets- och ordningsfr\u00e5gor ska d\u00e4remot hanteras av auktoriserade akt\u00f6rer som har detta som sin profession. Att kommunerna d\u00e4remot ska ha en kunnig och v\u00e4lorganiserad s\u00e4kerhetsorganisation under en s\u00e4kerhetschef \u00e4r givetvis viktigt, och den nya lagen om kommuners brottsf\u00f6rebyggande arbete \u00e4r helt n\u00f6dv\u00e4ndig. Men kommunalt anst\u00e4llda vakter \u00e4r n\u00e5got helt annat.<br><br>N\u00e4ringslivet inom s\u00e4kerhetsbranschen st\u00e5r redo med bepr\u00f6vade l\u00f6sningar, kompetens och teknologiskt st\u00f6d som kommunerna varken kan eller b\u00f6r bygga upp p\u00e5 egen hand utan stora kostnader. Att upphandla tj\u00e4nster fr\u00e5n professionella leverant\u00f6rer skapar b\u00e4ttre kvalitet, h\u00f6gre flexibilitet och ett tydligare ansvar. Trygghet ska vara ett resultat av professionalism, samverkan och effektivt resursutnyttjande. Kort sagt: kommunerna ska inte leka s\u00e4kerhetsbolag \u2013 de ska anlita dem.<br><br><strong>Joachim K\u00e4llsholm, ordf\u00f6rande S\u00e4kerhetsf\u00f6retagen<\/strong><\/p>\n","protected":false},"excerpt":{"rendered":"<p>Moderaternas vilja att st\u00e4rka tryggheten i v\u00e5ra kommuner \u00e4r b\u00e5de aktuell och n\u00f6dv\u00e4ndig, vilket jag och S\u00e4kerhetsf\u00f6retagen st\u00f6der till fullo. Inf\u00f6randet av h\u00f6gre krav p\u00e5 ordningsvakter, ett \u00f6kat r\u00e4ttsskydd och mer flexibla LOV-omr\u00e5den \u00e4r m\u00e5nga &hellip;<\/p>\n","protected":false},"author":18172,"featured_media":2262,"comment_status":"open","ping_status":"open","sticky":false,"template":"","format":"standard","meta":{"_acf_changed":false,"footnotes":""},"categories":[155],"tags":[],"article_type":[],"agreement":[],"for-members":[],"class_list":["post-2261","post","type-post","status-publish","format-standard","has-post-thumbnail","hentry","category-aktuellt"],"acf":[],"yoast_head":"<!-- This site is optimized with the Yoast SEO plugin v26.8 - https:\/\/yoast.com\/product\/yoast-seo-wordpress\/ -->\n<title>&quot;Nej till kommunala s\u00e4kerhetsbolag&quot; - S\u00e4kerhetsf\u00f6retagen<\/title>\n<meta name=\"robots\" content=\"index, follow, max-snippet:-1, max-image-preview:large, max-video-preview:-1\" \/>\n<link rel=\"canonical\" href=\"https:\/\/www.sakerhetsforetagen.se\/2025\/10\/26\/nej-till-kommunala-sakerhetsbolag\/\" \/>\n<meta property=\"og:locale\" content=\"sv_SE\" \/>\n<meta property=\"og:type\" content=\"article\" \/>\n<meta property=\"og:title\" content=\"&quot;Nej till kommunala s\u00e4kerhetsbolag&quot; - S\u00e4kerhetsf\u00f6retagen\" \/>\n<meta property=\"og:description\" content=\"Moderaternas vilja att st\u00e4rka tryggheten i v\u00e5ra kommuner \u00e4r b\u00e5de aktuell och n\u00f6dv\u00e4ndig, vilket jag och S\u00e4kerhetsf\u00f6retagen st\u00f6der till fullo. Inf\u00f6randet av h\u00f6gre krav p\u00e5 ordningsvakter, ett \u00f6kat r\u00e4ttsskydd och mer flexibla LOV-omr\u00e5den \u00e4r m\u00e5nga &hellip;\" \/>\n<meta property=\"og:url\" content=\"https:\/\/www.sakerhetsforetagen.se\/2025\/10\/26\/nej-till-kommunala-sakerhetsbolag\/\" \/>\n<meta property=\"og:site_name\" content=\"S\u00e4kerhetsf\u00f6retagen\" \/>\n<meta property=\"article:published_time\" content=\"2025-10-26T18:01:16+00:00\" \/>\n<meta property=\"article:modified_time\" content=\"2025-10-26T18:12:02+00:00\" \/>\n<meta property=\"og:image\" content=\"https:\/\/www.sakerhetsforetagen.se\/app\/uploads\/sites\/11\/2025\/10\/bild-webbartikel-1000x600-15.png\" \/>\n\t<meta property=\"og:image:width\" content=\"1000\" \/>\n\t<meta property=\"og:image:height\" content=\"600\" \/>\n\t<meta property=\"og:image:type\" content=\"image\/png\" \/>\n<meta name=\"author\" content=\"Pontus Lindstr\u00f6m\" \/>\n<meta name=\"twitter:card\" content=\"summary_large_image\" \/>\n<meta name=\"twitter:label1\" content=\"Skriven av\" \/>\n\t<meta name=\"twitter:data1\" content=\"Pontus Lindstr\u00f6m\" \/>\n\t<meta name=\"twitter:label2\" content=\"Ber\u00e4knad l\u00e4stid\" \/>\n\t<meta name=\"twitter:data2\" content=\"2 minuter\" \/>\n<!-- \/ Yoast SEO plugin. -->","yoast_head_json":{"title":"\"Nej till kommunala s\u00e4kerhetsbolag\" - S\u00e4kerhetsf\u00f6retagen","robots":{"index":"index","follow":"follow","max-snippet":"max-snippet:-1","max-image-preview":"max-image-preview:large","max-video-preview":"max-video-preview:-1"},"canonical":"https:\/\/www.sakerhetsforetagen.se\/2025\/10\/26\/nej-till-kommunala-sakerhetsbolag\/","og_locale":"sv_SE","og_type":"article","og_title":"\"Nej till kommunala s\u00e4kerhetsbolag\" - S\u00e4kerhetsf\u00f6retagen","og_description":"Moderaternas vilja att st\u00e4rka tryggheten i v\u00e5ra kommuner \u00e4r b\u00e5de aktuell och n\u00f6dv\u00e4ndig, vilket jag och S\u00e4kerhetsf\u00f6retagen st\u00f6der till fullo. Inf\u00f6randet av h\u00f6gre krav p\u00e5 ordningsvakter, ett \u00f6kat r\u00e4ttsskydd och mer flexibla LOV-omr\u00e5den \u00e4r m\u00e5nga &hellip;","og_url":"https:\/\/www.sakerhetsforetagen.se\/2025\/10\/26\/nej-till-kommunala-sakerhetsbolag\/","og_site_name":"S\u00e4kerhetsf\u00f6retagen","article_published_time":"2025-10-26T18:01:16+00:00","article_modified_time":"2025-10-26T18:12:02+00:00","og_image":[{"width":1000,"height":600,"url":"https:\/\/www.sakerhetsforetagen.se\/app\/uploads\/sites\/11\/2025\/10\/bild-webbartikel-1000x600-15.png","type":"image\/png"}],"author":"Pontus Lindstr\u00f6m","twitter_card":"summary_large_image","twitter_misc":{"Skriven av":"Pontus Lindstr\u00f6m","Ber\u00e4knad l\u00e4stid":"2 minuter"},"schema":{"@context":"https:\/\/schema.org","@graph":[{"@type":"Article","@id":"https:\/\/www.sakerhetsforetagen.se\/2025\/10\/26\/nej-till-kommunala-sakerhetsbolag\/#article","isPartOf":{"@id":"https:\/\/www.sakerhetsforetagen.se\/2025\/10\/26\/nej-till-kommunala-sakerhetsbolag\/"},"author":{"name":"Pontus Lindstr\u00f6m","@id":"https:\/\/www.sakerhetsforetagen.se\/#\/schema\/person\/b8fb1f06c5873724408d7b84a9413c10"},"headline":"&#8221;Nej till kommunala s\u00e4kerhetsbolag&#8221;","datePublished":"2025-10-26T18:01:16+00:00","dateModified":"2025-10-26T18:12:02+00:00","mainEntityOfPage":{"@id":"https:\/\/www.sakerhetsforetagen.se\/2025\/10\/26\/nej-till-kommunala-sakerhetsbolag\/"},"wordCount":402,"commentCount":0,"image":{"@id":"https:\/\/www.sakerhetsforetagen.se\/2025\/10\/26\/nej-till-kommunala-sakerhetsbolag\/#primaryimage"},"thumbnailUrl":"https:\/\/www.sakerhetsforetagen.se\/app\/uploads\/sites\/11\/2025\/10\/bild-webbartikel-1000x600-15.png","articleSection":["Aktuellt"],"inLanguage":"sv-SE","potentialAction":[{"@type":"CommentAction","name":"Comment","target":["https:\/\/www.sakerhetsforetagen.se\/2025\/10\/26\/nej-till-kommunala-sakerhetsbolag\/#respond"]}]},{"@type":"WebPage","@id":"https:\/\/www.sakerhetsforetagen.se\/2025\/10\/26\/nej-till-kommunala-sakerhetsbolag\/","url":"https:\/\/www.sakerhetsforetagen.se\/2025\/10\/26\/nej-till-kommunala-sakerhetsbolag\/","name":"\"Nej till kommunala s\u00e4kerhetsbolag\" - S\u00e4kerhetsf\u00f6retagen","isPartOf":{"@id":"https:\/\/www.sakerhetsforetagen.se\/#website"},"primaryImageOfPage":{"@id":"https:\/\/www.sakerhetsforetagen.se\/2025\/10\/26\/nej-till-kommunala-sakerhetsbolag\/#primaryimage"},"image":{"@id":"https:\/\/www.sakerhetsforetagen.se\/2025\/10\/26\/nej-till-kommunala-sakerhetsbolag\/#primaryimage"},"thumbnailUrl":"https:\/\/www.sakerhetsforetagen.se\/app\/uploads\/sites\/11\/2025\/10\/bild-webbartikel-1000x600-15.png","datePublished":"2025-10-26T18:01:16+00:00","dateModified":"2025-10-26T18:12:02+00:00","author":{"@id":"https:\/\/www.sakerhetsforetagen.se\/#\/schema\/person\/b8fb1f06c5873724408d7b84a9413c10"},"breadcrumb":{"@id":"https:\/\/www.sakerhetsforetagen.se\/2025\/10\/26\/nej-till-kommunala-sakerhetsbolag\/#breadcrumb"},"inLanguage":"sv-SE","potentialAction":[{"@type":"ReadAction","target":["https:\/\/www.sakerhetsforetagen.se\/2025\/10\/26\/nej-till-kommunala-sakerhetsbolag\/"]}]},{"@type":"ImageObject","inLanguage":"sv-SE","@id":"https:\/\/www.sakerhetsforetagen.se\/2025\/10\/26\/nej-till-kommunala-sakerhetsbolag\/#primaryimage","url":"https:\/\/www.sakerhetsforetagen.se\/app\/uploads\/sites\/11\/2025\/10\/bild-webbartikel-1000x600-15.png","contentUrl":"https:\/\/www.sakerhetsforetagen.se\/app\/uploads\/sites\/11\/2025\/10\/bild-webbartikel-1000x600-15.png","width":1000,"height":600,"caption":"Joachim K\u00e4llsholm, ordf\u00f6rande S\u00e4kerhetsf\u00f6retagen"},{"@type":"BreadcrumbList","@id":"https:\/\/www.sakerhetsforetagen.se\/2025\/10\/26\/nej-till-kommunala-sakerhetsbolag\/#breadcrumb","itemListElement":[{"@type":"ListItem","position":1,"name":"Home","item":"https:\/\/www.sakerhetsforetagen.se\/"},{"@type":"ListItem","position":2,"name":"&#8221;Nej till kommunala s\u00e4kerhetsbolag&#8221;"}]},{"@type":"WebSite","@id":"https:\/\/www.sakerhetsforetagen.se\/#website","url":"https:\/\/www.sakerhetsforetagen.se\/","name":"S\u00e4kerhetsf\u00f6retagen","description":"","potentialAction":[{"@type":"SearchAction","target":{"@type":"EntryPoint","urlTemplate":"https:\/\/www.sakerhetsforetagen.se\/?s={search_term_string}"},"query-input":{"@type":"PropertyValueSpecification","valueRequired":true,"valueName":"search_term_string"}}],"inLanguage":"sv-SE"},{"@type":"Person","@id":"https:\/\/www.sakerhetsforetagen.se\/#\/schema\/person\/b8fb1f06c5873724408d7b84a9413c10","name":"Pontus Lindstr\u00f6m","image":{"@type":"ImageObject","inLanguage":"sv-SE","@id":"https:\/\/www.sakerhetsforetagen.se\/#\/schema\/person\/image\/","url":"https:\/\/secure.gravatar.com\/avatar\/632a95919c36ce5d60038328122952c88471e469f32339875062cf6161411ade?s=96&d=mm&r=g","contentUrl":"https:\/\/secure.gravatar.com\/avatar\/632a95919c36ce5d60038328122952c88471e469f32339875062cf6161411ade?s=96&d=mm&r=g","caption":"Pontus Lindstr\u00f6m"},"url":"https:\/\/www.sakerhetsforetagen.se\/person\/pontuslindstrom\/"}]}},"_links":{"self":[{"href":"https:\/\/www.sakerhetsforetagen.se\/api\/wp\/v2\/posts\/2261","targetHints":{"allow":["GET"]}}],"collection":[{"href":"https:\/\/www.sakerhetsforetagen.se\/api\/wp\/v2\/posts"}],"about":[{"href":"https:\/\/www.sakerhetsforetagen.se\/api\/wp\/v2\/types\/post"}],"author":[{"embeddable":true,"href":"https:\/\/www.sakerhetsforetagen.se\/api\/wp\/v2\/users\/18172"}],"replies":[{"embeddable":true,"href":"https:\/\/www.sakerhetsforetagen.se\/api\/wp\/v2\/comments?post=2261"}],"version-history":[{"count":2,"href":"https:\/\/www.sakerhetsforetagen.se\/api\/wp\/v2\/posts\/2261\/revisions"}],"predecessor-version":[{"id":2264,"href":"https:\/\/www.sakerhetsforetagen.se\/api\/wp\/v2\/posts\/2261\/revisions\/2264"}],"wp:featuredmedia":[{"embeddable":true,"href":"https:\/\/www.sakerhetsforetagen.se\/api\/wp\/v2\/media\/2262"}],"wp:attachment":[{"href":"https:\/\/www.sakerhetsforetagen.se\/api\/wp\/v2\/media?parent=2261"}],"wp:term":[{"taxonomy":"category","embeddable":true,"href":"https:\/\/www.sakerhetsforetagen.se\/api\/wp\/v2\/categories?post=2261"},{"taxonomy":"post_tag","embeddable":true,"href":"https:\/\/www.sakerhetsforetagen.se\/api\/wp\/v2\/tags?post=2261"},{"taxonomy":"type","embeddable":true,"href":"https:\/\/www.sakerhetsforetagen.se\/api\/wp\/v2\/article_type?post=2261"},{"taxonomy":"agreement","embeddable":true,"href":"https:\/\/www.sakerhetsforetagen.se\/api\/wp\/v2\/agreement?post=2261"},{"taxonomy":"for-members","embeddable":true,"href":"https:\/\/www.sakerhetsforetagen.se\/api\/wp\/v2\/for-members?post=2261"}],"curies":[{"name":"wp","href":"https:\/\/api.w.org\/{rel}","templated":true}]}}