{"id":2251,"date":"2025-10-12T15:29:46","date_gmt":"2025-10-12T13:29:46","guid":{"rendered":"https:\/\/www.sakerhetsforetagen.se\/?p=2251"},"modified":"2025-10-12T15:34:07","modified_gmt":"2025-10-12T13:34:07","slug":"remissvar-polisiar-beredskap-i-fred-kris-och-krig-sou-202557","status":"publish","type":"post","link":"https:\/\/www.sakerhetsforetagen.se\/2025\/10\/12\/remissvar-polisiar-beredskap-i-fred-kris-och-krig-sou-202557\/","title":{"rendered":"Remissvar Polisi\u00e4r beredskap i fred, kris och krig (SOU 2025:57)"},"content":{"rendered":"<p class=\"intro\">Bevakningsbranschen avvisar utredningens f\u00f6rslag att avskaffa polisens kombattantstatus i krig.<span data-mce-type=\"bookmark\" style=\"width: 0px;overflow: hidden;line-height: 0\" class=\"mce_SELRES_start\">\ufeff<\/span><\/p>\n\n<p>Bevakningsbranschen v\u00e4lkomnar utredningens f\u00f6rslag att inf\u00f6ra ett system med reservpoliser. Branschen anser att<br>det b\u00f6r utredas hur en ut\u00f6kad anv\u00e4ndning av ordningsvakter inom Polismyndighetens verksamhet ytterligare kan tillgodose myndighetens behov av personalf\u00f6rst\u00e4rkning i h\u00f6jd beredskap.<\/p>\n\n\n\n<p>Bevakningsbranschen avvisar utredningens f\u00f6rslag att avskaffa polisens kombattantstatus i krig.<\/p>\n\n\n\n<p><a href=\"https:\/\/www.sakerhetsforetagen.se\/remisser\/remissvar-om-polisiar-beredskap-i-fred-kris-och-krig-sou-202557\/\">L\u00e4s hela yttrandet h\u00e4r.<\/a><\/p>\n\n\n\n<p><\/p>\n","protected":false},"excerpt":{"rendered":"<p>Bevakningsbranschen v\u00e4lkomnar utredningens f\u00f6rslag att inf\u00f6ra ett system med reservpoliser. Branschen anser attdet b\u00f6r utredas hur en ut\u00f6kad anv\u00e4ndning av ordningsvakter inom Polismyndighetens verksamhet ytterligare kan tillgodose myndighetens behov av personalf\u00f6rst\u00e4rkning i h\u00f6jd beredskap. Bevakningsbranschen &hellip;<\/p>\n","protected":false},"author":18172,"featured_media":2252,"comment_status":"open","ping_status":"open","sticky":false,"template":"","format":"standard","meta":{"_acf_changed":false,"footnotes":""},"categories":[155],"tags":[],"article_type":[],"agreement":[],"for-members":[],"class_list":["post-2251","post","type-post","status-publish","format-standard","has-post-thumbnail","hentry","category-aktuellt"],"acf":[],"yoast_head":"<!-- This site is optimized with the Yoast SEO plugin v26.8 - https:\/\/yoast.com\/product\/yoast-seo-wordpress\/ -->\n<title>Remissvar Polisi\u00e4r beredskap i fred, kris och krig (SOU 2025:57) - S\u00e4kerhetsf\u00f6retagen<\/title>\n<meta name=\"robots\" content=\"index, follow, max-snippet:-1, max-image-preview:large, max-video-preview:-1\" \/>\n<link rel=\"canonical\" href=\"https:\/\/www.sakerhetsforetagen.se\/2025\/10\/12\/remissvar-polisiar-beredskap-i-fred-kris-och-krig-sou-202557\/\" \/>\n<meta property=\"og:locale\" content=\"sv_SE\" \/>\n<meta property=\"og:type\" content=\"article\" \/>\n<meta property=\"og:title\" content=\"Remissvar Polisi\u00e4r beredskap i fred, kris och krig (SOU 2025:57) - S\u00e4kerhetsf\u00f6retagen\" \/>\n<meta property=\"og:description\" content=\"Bevakningsbranschen v\u00e4lkomnar utredningens f\u00f6rslag att inf\u00f6ra ett system med reservpoliser. Branschen anser attdet b\u00f6r utredas hur en ut\u00f6kad anv\u00e4ndning av ordningsvakter inom Polismyndighetens verksamhet ytterligare kan tillgodose myndighetens behov av personalf\u00f6rst\u00e4rkning i h\u00f6jd beredskap. Bevakningsbranschen &hellip;\" \/>\n<meta property=\"og:url\" content=\"https:\/\/www.sakerhetsforetagen.se\/2025\/10\/12\/remissvar-polisiar-beredskap-i-fred-kris-och-krig-sou-202557\/\" \/>\n<meta property=\"og:site_name\" content=\"S\u00e4kerhetsf\u00f6retagen\" \/>\n<meta property=\"article:published_time\" content=\"2025-10-12T13:29:46+00:00\" \/>\n<meta property=\"article:modified_time\" content=\"2025-10-12T13:34:07+00:00\" \/>\n<meta property=\"og:image\" content=\"https:\/\/www.sakerhetsforetagen.se\/app\/uploads\/sites\/11\/2025\/10\/ima232089-1024x683.jpg\" \/>\n\t<meta property=\"og:image:width\" content=\"1024\" \/>\n\t<meta property=\"og:image:height\" content=\"683\" \/>\n\t<meta property=\"og:image:type\" content=\"image\/jpeg\" \/>\n<meta name=\"author\" content=\"Pontus Lindstr\u00f6m\" \/>\n<meta name=\"twitter:card\" content=\"summary_large_image\" \/>\n<meta name=\"twitter:label1\" content=\"Skriven av\" \/>\n\t<meta name=\"twitter:data1\" content=\"Pontus Lindstr\u00f6m\" \/>\n\t<meta name=\"twitter:label2\" content=\"Ber\u00e4knad l\u00e4stid\" \/>\n\t<meta name=\"twitter:data2\" content=\"1 minut\" \/>\n<!-- \/ Yoast SEO plugin. -->","yoast_head_json":{"title":"Remissvar Polisi\u00e4r beredskap i fred, kris och krig (SOU 2025:57) - S\u00e4kerhetsf\u00f6retagen","robots":{"index":"index","follow":"follow","max-snippet":"max-snippet:-1","max-image-preview":"max-image-preview:large","max-video-preview":"max-video-preview:-1"},"canonical":"https:\/\/www.sakerhetsforetagen.se\/2025\/10\/12\/remissvar-polisiar-beredskap-i-fred-kris-och-krig-sou-202557\/","og_locale":"sv_SE","og_type":"article","og_title":"Remissvar Polisi\u00e4r beredskap i fred, kris och krig (SOU 2025:57) - S\u00e4kerhetsf\u00f6retagen","og_description":"Bevakningsbranschen v\u00e4lkomnar utredningens f\u00f6rslag att inf\u00f6ra ett system med reservpoliser. Branschen anser attdet b\u00f6r utredas hur en ut\u00f6kad anv\u00e4ndning av ordningsvakter inom Polismyndighetens verksamhet ytterligare kan tillgodose myndighetens behov av personalf\u00f6rst\u00e4rkning i h\u00f6jd beredskap. Bevakningsbranschen &hellip;","og_url":"https:\/\/www.sakerhetsforetagen.se\/2025\/10\/12\/remissvar-polisiar-beredskap-i-fred-kris-och-krig-sou-202557\/","og_site_name":"S\u00e4kerhetsf\u00f6retagen","article_published_time":"2025-10-12T13:29:46+00:00","article_modified_time":"2025-10-12T13:34:07+00:00","og_image":[{"width":1024,"height":683,"url":"https:\/\/www.sakerhetsforetagen.se\/app\/uploads\/sites\/11\/2025\/10\/ima232089-1024x683.jpg","type":"image\/jpeg"}],"author":"Pontus Lindstr\u00f6m","twitter_card":"summary_large_image","twitter_misc":{"Skriven av":"Pontus Lindstr\u00f6m","Ber\u00e4knad l\u00e4stid":"1 minut"},"schema":{"@context":"https:\/\/schema.org","@graph":[{"@type":"Article","@id":"https:\/\/www.sakerhetsforetagen.se\/2025\/10\/12\/remissvar-polisiar-beredskap-i-fred-kris-och-krig-sou-202557\/#article","isPartOf":{"@id":"https:\/\/www.sakerhetsforetagen.se\/2025\/10\/12\/remissvar-polisiar-beredskap-i-fred-kris-och-krig-sou-202557\/"},"author":{"name":"Pontus Lindstr\u00f6m","@id":"https:\/\/www.sakerhetsforetagen.se\/#\/schema\/person\/b8fb1f06c5873724408d7b84a9413c10"},"headline":"Remissvar Polisi\u00e4r beredskap i fred, kris och krig (SOU 2025:57)","datePublished":"2025-10-12T13:29:46+00:00","dateModified":"2025-10-12T13:34:07+00:00","mainEntityOfPage":{"@id":"https:\/\/www.sakerhetsforetagen.se\/2025\/10\/12\/remissvar-polisiar-beredskap-i-fred-kris-och-krig-sou-202557\/"},"wordCount":70,"commentCount":0,"image":{"@id":"https:\/\/www.sakerhetsforetagen.se\/2025\/10\/12\/remissvar-polisiar-beredskap-i-fred-kris-och-krig-sou-202557\/#primaryimage"},"thumbnailUrl":"https:\/\/www.sakerhetsforetagen.se\/app\/uploads\/sites\/11\/2025\/10\/ima232089.jpg","articleSection":["Aktuellt"],"inLanguage":"sv-SE","potentialAction":[{"@type":"CommentAction","name":"Comment","target":["https:\/\/www.sakerhetsforetagen.se\/2025\/10\/12\/remissvar-polisiar-beredskap-i-fred-kris-och-krig-sou-202557\/#respond"]}]},{"@type":"WebPage","@id":"https:\/\/www.sakerhetsforetagen.se\/2025\/10\/12\/remissvar-polisiar-beredskap-i-fred-kris-och-krig-sou-202557\/","url":"https:\/\/www.sakerhetsforetagen.se\/2025\/10\/12\/remissvar-polisiar-beredskap-i-fred-kris-och-krig-sou-202557\/","name":"Remissvar Polisi\u00e4r beredskap i fred, kris och krig (SOU 2025:57) - S\u00e4kerhetsf\u00f6retagen","isPartOf":{"@id":"https:\/\/www.sakerhetsforetagen.se\/#website"},"primaryImageOfPage":{"@id":"https:\/\/www.sakerhetsforetagen.se\/2025\/10\/12\/remissvar-polisiar-beredskap-i-fred-kris-och-krig-sou-202557\/#primaryimage"},"image":{"@id":"https:\/\/www.sakerhetsforetagen.se\/2025\/10\/12\/remissvar-polisiar-beredskap-i-fred-kris-och-krig-sou-202557\/#primaryimage"},"thumbnailUrl":"https:\/\/www.sakerhetsforetagen.se\/app\/uploads\/sites\/11\/2025\/10\/ima232089.jpg","datePublished":"2025-10-12T13:29:46+00:00","dateModified":"2025-10-12T13:34:07+00:00","author":{"@id":"https:\/\/www.sakerhetsforetagen.se\/#\/schema\/person\/b8fb1f06c5873724408d7b84a9413c10"},"breadcrumb":{"@id":"https:\/\/www.sakerhetsforetagen.se\/2025\/10\/12\/remissvar-polisiar-beredskap-i-fred-kris-och-krig-sou-202557\/#breadcrumb"},"inLanguage":"sv-SE","potentialAction":[{"@type":"ReadAction","target":["https:\/\/www.sakerhetsforetagen.se\/2025\/10\/12\/remissvar-polisiar-beredskap-i-fred-kris-och-krig-sou-202557\/"]}]},{"@type":"ImageObject","inLanguage":"sv-SE","@id":"https:\/\/www.sakerhetsforetagen.se\/2025\/10\/12\/remissvar-polisiar-beredskap-i-fred-kris-och-krig-sou-202557\/#primaryimage","url":"https:\/\/www.sakerhetsforetagen.se\/app\/uploads\/sites\/11\/2025\/10\/ima232089.jpg","contentUrl":"https:\/\/www.sakerhetsforetagen.se\/app\/uploads\/sites\/11\/2025\/10\/ima232089.jpg","width":2500,"height":1668},{"@type":"BreadcrumbList","@id":"https:\/\/www.sakerhetsforetagen.se\/2025\/10\/12\/remissvar-polisiar-beredskap-i-fred-kris-och-krig-sou-202557\/#breadcrumb","itemListElement":[{"@type":"ListItem","position":1,"name":"Home","item":"https:\/\/www.sakerhetsforetagen.se\/"},{"@type":"ListItem","position":2,"name":"Remissvar Polisi\u00e4r beredskap i fred, kris och krig (SOU 2025:57)"}]},{"@type":"WebSite","@id":"https:\/\/www.sakerhetsforetagen.se\/#website","url":"https:\/\/www.sakerhetsforetagen.se\/","name":"S\u00e4kerhetsf\u00f6retagen","description":"","potentialAction":[{"@type":"SearchAction","target":{"@type":"EntryPoint","urlTemplate":"https:\/\/www.sakerhetsforetagen.se\/?s={search_term_string}"},"query-input":{"@type":"PropertyValueSpecification","valueRequired":true,"valueName":"search_term_string"}}],"inLanguage":"sv-SE"},{"@type":"Person","@id":"https:\/\/www.sakerhetsforetagen.se\/#\/schema\/person\/b8fb1f06c5873724408d7b84a9413c10","name":"Pontus Lindstr\u00f6m","image":{"@type":"ImageObject","inLanguage":"sv-SE","@id":"https:\/\/www.sakerhetsforetagen.se\/#\/schema\/person\/image\/","url":"https:\/\/secure.gravatar.com\/avatar\/632a95919c36ce5d60038328122952c88471e469f32339875062cf6161411ade?s=96&d=mm&r=g","contentUrl":"https:\/\/secure.gravatar.com\/avatar\/632a95919c36ce5d60038328122952c88471e469f32339875062cf6161411ade?s=96&d=mm&r=g","caption":"Pontus Lindstr\u00f6m"},"url":"https:\/\/www.sakerhetsforetagen.se\/person\/pontuslindstrom\/"}]}},"_links":{"self":[{"href":"https:\/\/www.sakerhetsforetagen.se\/api\/wp\/v2\/posts\/2251","targetHints":{"allow":["GET"]}}],"collection":[{"href":"https:\/\/www.sakerhetsforetagen.se\/api\/wp\/v2\/posts"}],"about":[{"href":"https:\/\/www.sakerhetsforetagen.se\/api\/wp\/v2\/types\/post"}],"author":[{"embeddable":true,"href":"https:\/\/www.sakerhetsforetagen.se\/api\/wp\/v2\/users\/18172"}],"replies":[{"embeddable":true,"href":"https:\/\/www.sakerhetsforetagen.se\/api\/wp\/v2\/comments?post=2251"}],"version-history":[{"count":2,"href":"https:\/\/www.sakerhetsforetagen.se\/api\/wp\/v2\/posts\/2251\/revisions"}],"predecessor-version":[{"id":2254,"href":"https:\/\/www.sakerhetsforetagen.se\/api\/wp\/v2\/posts\/2251\/revisions\/2254"}],"wp:featuredmedia":[{"embeddable":true,"href":"https:\/\/www.sakerhetsforetagen.se\/api\/wp\/v2\/media\/2252"}],"wp:attachment":[{"href":"https:\/\/www.sakerhetsforetagen.se\/api\/wp\/v2\/media?parent=2251"}],"wp:term":[{"taxonomy":"category","embeddable":true,"href":"https:\/\/www.sakerhetsforetagen.se\/api\/wp\/v2\/categories?post=2251"},{"taxonomy":"post_tag","embeddable":true,"href":"https:\/\/www.sakerhetsforetagen.se\/api\/wp\/v2\/tags?post=2251"},{"taxonomy":"type","embeddable":true,"href":"https:\/\/www.sakerhetsforetagen.se\/api\/wp\/v2\/article_type?post=2251"},{"taxonomy":"agreement","embeddable":true,"href":"https:\/\/www.sakerhetsforetagen.se\/api\/wp\/v2\/agreement?post=2251"},{"taxonomy":"for-members","embeddable":true,"href":"https:\/\/www.sakerhetsforetagen.se\/api\/wp\/v2\/for-members?post=2251"}],"curies":[{"name":"wp","href":"https:\/\/api.w.org\/{rel}","templated":true}]}}