{"id":2242,"date":"2025-10-02T14:04:56","date_gmt":"2025-10-02T12:04:56","guid":{"rendered":"https:\/\/www.sakerhetsforetagen.se\/?p=2242"},"modified":"2025-10-02T14:05:46","modified_gmt":"2025-10-02T12:05:46","slug":"replik-fran-sakerhetsforetagen-pa-ledartext-i-detektor-scandinavia","status":"publish","type":"post","link":"https:\/\/www.sakerhetsforetagen.se\/2025\/10\/02\/replik-fran-sakerhetsforetagen-pa-ledartext-i-detektor-scandinavia\/","title":{"rendered":"Replik fr\u00e5n S\u00e4kerhets&shy;f\u00f6retagen p\u00e5 ledartext i Detektor Scandinavia"},"content":{"rendered":"<p class=\"intro\"><strong>S\u00e4kerhetsf\u00f6retagen replikerar p\u00e5 ledare \u201dBevakningsbranschen \u00e4r i otakt med teknikens framsteg&#8221; av Lennart Alexandrie i <em>Detektor Scandinavia<\/em> (3\/2025).<\/strong><\/p>\n\n<p><a href=\"https:\/\/www.securityworldmarket.com\/se\/Nyheter\/Foretagsnyheter\/alexandrie-brist-pa-vaktare-eller-innovationskraft\">Lennart Alexandrie driver i sin ledartext tesen<\/a> att bevakningsbranschen fastnat i gamla strukturer d\u00e4r man endast \u201dr\u00e4knar v\u00e4ktartimmar\u201d och saknar innovationskraft. Vi som f\u00f6retr\u00e4der den svenska bevakningsbranschen v\u00e4lkomnar Lennart Alexandries ansats till diskussion men f\u00e5r tyv\u00e4rr konstatera att Alexandries i det h\u00e4r fallet sl\u00e5ss mot v\u00e4derkvarnar.<\/p>\n\n\n\n<p>Att efterfr\u00e5gan p\u00e5 v\u00e4ktare \u00e4r h\u00f6g \u00e4r inte ett tecken p\u00e5 stagnation, utan tv\u00e4rtom ett uttryck f\u00f6r en starkt v\u00e4xande och samh\u00e4llsb\u00e4rande sektor. I ett samh\u00e4lle med \u00f6kande hot och komplexa riskbilder beh\u00f6vs b\u00e5de teknik och m\u00e4nniskor. Det \u00e4r naivt att tro att teknik helt kan ers\u00e4tta den m\u00e4nskliga n\u00e4rvaron n\u00e4r det handlar om trygghet, krishantering och f\u00f6rtroende.<\/p>\n\n\n\n<p>Ingen i branschen mots\u00e4tter sig ny teknik. Tv\u00e4rtom investerar f\u00f6retagen l\u00f6pande i fj\u00e4rr\u00f6vervakning, AI-baserad analys, smarta sensorer och dr\u00f6nare. I S\u00e4kerhetsf\u00f6retagens senaste \u00e5rsrapport (augusti 2025) lyfter vi s\u00e4rskilt vikten av att \u00e4ven myndigheter tar tillvara de innovationer som redan anv\u00e4nds av v\u00e5ra medlemsf\u00f6retag. AI-baserade system skapar nya m\u00f6jligheter f\u00f6r kameror, bevakning och larmsystem \u2013 men de kompletterar, inte ers\u00e4tter, det m\u00e4nskliga s\u00e4kerhetsarbetet.<\/p>\n\n\n\n<p>Precis som Alexandrie sj\u00e4lv konstaterar kommer den personella bevakningen \u00e4ven fram\u00f6ver spela en avg\u00f6rande roll. Tekniken \u00e4r ett kraftfullt st\u00f6d, men den kan inte helt ers\u00e4tta m\u00e4nsklig n\u00e4rvaro, omd\u00f6me och f\u00f6rm\u00e5ga att agera i verkliga situationer.<\/p>\n\n\n\n<p>Att beskriva branschen som fastl\u00e5st i konservatism och styrd av chefer med f\u00f6r sn\u00e4v bakgrund \u00e4r ett logiskt felslut som missar branschens verkliga utveckling. Tv\u00e4rtom \u00e4r det en styrka att m\u00e5nga f\u00f6retagsledare har erfarenhet fr\u00e5n k\u00e4rnverksamheten \u2013 det ger en djup f\u00f6rst\u00e5else f\u00f6r kundernas behov och operativa riskbilder. De flesta st\u00f6rre akt\u00f6rer kombinerar i dag denna erfarenhet med teknisk och aff\u00e4rsm\u00e4ssig kompetens.<\/p>\n\n\n\n<p>Efterfr\u00e5gan p\u00e5 s\u00e4kerhetstj\u00e4nster \u00f6kar ocks\u00e5 och en kartl\u00e4ggning fr\u00e5n Bevakningsbranschens Yrkes- och Arbetsmilj\u00f6n\u00e4mnd (BYA) visar att det vid h\u00f6jd beredskap kr\u00e4vs minst 55 000 medarbetare f\u00f6r att skydda samh\u00e4llsviktig verksamhet \u2013 att j\u00e4mf\u00f6ra med dagens cirka 25 000. Behovet g\u00e4ller fr\u00e4mst v\u00e4ktare och skyddsvakter, vilket ocks\u00e5 ligger bakom det statliga utredningsf\u00f6rslaget om att aktivera civilplikt f\u00f6r bevakningsverksamhet.<\/p>\n\n\n\n<p>Denna verklighet visar att bemanningsfr\u00e5gan \u00e4r central. Men att beh\u00f6va fler medarbetare \u00e4r inte detsamma som att sakna innovationskraft \u2013 det speglar snarare den v\u00e4xande betydelsen av s\u00e4kerhetsbranschen i ett f\u00f6r\u00e4nderligt samh\u00e4lle.<\/p>\n\n\n\n<p>Den verkliga missuppfattningen i Lennart Alexandries resonemang \u00e4r att han st\u00e4ller innovation och personalintensiva tj\u00e4nster mot varandra. I sj\u00e4lva verket \u00e4r det just kombinationen av avancerad teknik och professionella medarbetare som g\u00f6r branschen relevant, effektiv och robust. Bevakningsbranschen \u00e4r b\u00e5de innovativ och personalintensiv \u2013 och styrkan ligger i samspelet mellan dessa.<\/p>\n\n\n\n<p>Vi delar Lennart Alexandries engagemang f\u00f6r en mer innovativ och effektiv bevakningssektor. Alexandrie lyfter sj\u00e4lv den viktiga fr\u00e5gan om behovet av att reformera lagen om offentlig upphandling, som i dag ofta fokuserar ensidigt p\u00e5 l\u00e4gsta pris. En s\u00e5dan reform \u00e4r n\u00f6dv\u00e4ndig f\u00f6r att skapa utrymme f\u00f6r kvalitet, innovation och l\u00e5ngsiktighet.<\/p>\n\n\n\n<p>Vi v\u00e4lkomnar d\u00e4rf\u00f6r en fortsatt diskussion om hur teknik, kompetens och regelverk b\u00e4st samverkar f\u00f6r att st\u00e4rka Sveriges trygghet och beredskap. Men den m\u00e5ste bygga p\u00e5 verkligheten \u2013 inte p\u00e5 f\u00f6renklade schablonbilder.<\/p>\n\n\n\n<p><strong>Joachim K\u00e4llsholm<\/strong>, ordf\u00f6rande S\u00e4kerhetsf\u00f6retagen<br><strong>Pontus Lindstr\u00f6m<\/strong>, n\u00e4ringspolitisk chef S\u00e4kerhetsf\u00f6retagen<\/p>\n","protected":false},"excerpt":{"rendered":"<p>Lennart Alexandrie driver i sin ledartext tesen att bevakningsbranschen fastnat i gamla strukturer d\u00e4r man endast \u201dr\u00e4knar v\u00e4ktartimmar\u201d och saknar innovationskraft. Vi som f\u00f6retr\u00e4der den svenska bevakningsbranschen v\u00e4lkomnar Lennart Alexandries ansats till diskussion men f\u00e5r &hellip;<\/p>\n","protected":false},"author":18172,"featured_media":2243,"comment_status":"open","ping_status":"open","sticky":false,"template":"","format":"standard","meta":{"_acf_changed":false,"footnotes":""},"categories":[155],"tags":[],"article_type":[],"agreement":[],"for-members":[],"class_list":["post-2242","post","type-post","status-publish","format-standard","has-post-thumbnail","hentry","category-aktuellt"],"acf":[],"yoast_head":"<!-- This site is optimized with the Yoast SEO plugin v26.8 - https:\/\/yoast.com\/product\/yoast-seo-wordpress\/ -->\n<title>Replik fr\u00e5n S\u00e4kerhetsf\u00f6retagen p\u00e5 ledartext i Detektor Scandinavia - S\u00e4kerhetsf\u00f6retagen<\/title>\n<meta name=\"robots\" content=\"index, follow, max-snippet:-1, max-image-preview:large, max-video-preview:-1\" \/>\n<link rel=\"canonical\" href=\"https:\/\/www.sakerhetsforetagen.se\/2025\/10\/02\/replik-fran-sakerhetsforetagen-pa-ledartext-i-detektor-scandinavia\/\" \/>\n<meta property=\"og:locale\" content=\"sv_SE\" \/>\n<meta property=\"og:type\" content=\"article\" \/>\n<meta property=\"og:title\" content=\"Replik fr\u00e5n S\u00e4kerhetsf\u00f6retagen p\u00e5 ledartext i Detektor Scandinavia - S\u00e4kerhetsf\u00f6retagen\" \/>\n<meta property=\"og:description\" content=\"Lennart Alexandrie driver i sin ledartext tesen att bevakningsbranschen fastnat i gamla strukturer d\u00e4r man endast \u201dr\u00e4knar v\u00e4ktartimmar\u201d och saknar innovationskraft. Vi som f\u00f6retr\u00e4der den svenska bevakningsbranschen v\u00e4lkomnar Lennart Alexandries ansats till diskussion men f\u00e5r &hellip;\" \/>\n<meta property=\"og:url\" content=\"https:\/\/www.sakerhetsforetagen.se\/2025\/10\/02\/replik-fran-sakerhetsforetagen-pa-ledartext-i-detektor-scandinavia\/\" \/>\n<meta property=\"og:site_name\" content=\"S\u00e4kerhetsf\u00f6retagen\" \/>\n<meta property=\"article:published_time\" content=\"2025-10-02T12:04:56+00:00\" \/>\n<meta property=\"article:modified_time\" content=\"2025-10-02T12:05:46+00:00\" \/>\n<meta property=\"og:image\" content=\"https:\/\/www.sakerhetsforetagen.se\/app\/uploads\/sites\/11\/2025\/10\/Bild1-1024x576.png\" \/>\n\t<meta property=\"og:image:width\" content=\"1024\" \/>\n\t<meta property=\"og:image:height\" content=\"576\" \/>\n\t<meta property=\"og:image:type\" content=\"image\/png\" \/>\n<meta name=\"author\" content=\"Pontus Lindstr\u00f6m\" \/>\n<meta name=\"twitter:card\" content=\"summary_large_image\" \/>\n<meta name=\"twitter:label1\" content=\"Skriven av\" \/>\n\t<meta name=\"twitter:data1\" content=\"Pontus Lindstr\u00f6m\" \/>\n\t<meta name=\"twitter:label2\" content=\"Ber\u00e4knad l\u00e4stid\" \/>\n\t<meta name=\"twitter:data2\" content=\"3 minuter\" \/>\n<!-- \/ Yoast SEO plugin. -->","yoast_head_json":{"title":"Replik fr\u00e5n S\u00e4kerhetsf\u00f6retagen p\u00e5 ledartext i Detektor Scandinavia - S\u00e4kerhetsf\u00f6retagen","robots":{"index":"index","follow":"follow","max-snippet":"max-snippet:-1","max-image-preview":"max-image-preview:large","max-video-preview":"max-video-preview:-1"},"canonical":"https:\/\/www.sakerhetsforetagen.se\/2025\/10\/02\/replik-fran-sakerhetsforetagen-pa-ledartext-i-detektor-scandinavia\/","og_locale":"sv_SE","og_type":"article","og_title":"Replik fr\u00e5n S\u00e4kerhetsf\u00f6retagen p\u00e5 ledartext i Detektor Scandinavia - S\u00e4kerhetsf\u00f6retagen","og_description":"Lennart Alexandrie driver i sin ledartext tesen att bevakningsbranschen fastnat i gamla strukturer d\u00e4r man endast \u201dr\u00e4knar v\u00e4ktartimmar\u201d och saknar innovationskraft. Vi som f\u00f6retr\u00e4der den svenska bevakningsbranschen v\u00e4lkomnar Lennart Alexandries ansats till diskussion men f\u00e5r &hellip;","og_url":"https:\/\/www.sakerhetsforetagen.se\/2025\/10\/02\/replik-fran-sakerhetsforetagen-pa-ledartext-i-detektor-scandinavia\/","og_site_name":"S\u00e4kerhetsf\u00f6retagen","article_published_time":"2025-10-02T12:04:56+00:00","article_modified_time":"2025-10-02T12:05:46+00:00","og_image":[{"width":1024,"height":576,"url":"https:\/\/www.sakerhetsforetagen.se\/app\/uploads\/sites\/11\/2025\/10\/Bild1-1024x576.png","type":"image\/png"}],"author":"Pontus Lindstr\u00f6m","twitter_card":"summary_large_image","twitter_misc":{"Skriven av":"Pontus Lindstr\u00f6m","Ber\u00e4knad l\u00e4stid":"3 minuter"},"schema":{"@context":"https:\/\/schema.org","@graph":[{"@type":"Article","@id":"https:\/\/www.sakerhetsforetagen.se\/2025\/10\/02\/replik-fran-sakerhetsforetagen-pa-ledartext-i-detektor-scandinavia\/#article","isPartOf":{"@id":"https:\/\/www.sakerhetsforetagen.se\/2025\/10\/02\/replik-fran-sakerhetsforetagen-pa-ledartext-i-detektor-scandinavia\/"},"author":{"name":"Pontus Lindstr\u00f6m","@id":"https:\/\/www.sakerhetsforetagen.se\/#\/schema\/person\/b8fb1f06c5873724408d7b84a9413c10"},"headline":"Replik fr\u00e5n S\u00e4kerhets&shy;f\u00f6retagen p\u00e5 ledartext i Detektor Scandinavia","datePublished":"2025-10-02T12:04:56+00:00","dateModified":"2025-10-02T12:05:46+00:00","mainEntityOfPage":{"@id":"https:\/\/www.sakerhetsforetagen.se\/2025\/10\/02\/replik-fran-sakerhetsforetagen-pa-ledartext-i-detektor-scandinavia\/"},"wordCount":622,"commentCount":0,"image":{"@id":"https:\/\/www.sakerhetsforetagen.se\/2025\/10\/02\/replik-fran-sakerhetsforetagen-pa-ledartext-i-detektor-scandinavia\/#primaryimage"},"thumbnailUrl":"https:\/\/www.sakerhetsforetagen.se\/app\/uploads\/sites\/11\/2025\/10\/Bild1-scaled.png","articleSection":["Aktuellt"],"inLanguage":"sv-SE","potentialAction":[{"@type":"CommentAction","name":"Comment","target":["https:\/\/www.sakerhetsforetagen.se\/2025\/10\/02\/replik-fran-sakerhetsforetagen-pa-ledartext-i-detektor-scandinavia\/#respond"]}]},{"@type":"WebPage","@id":"https:\/\/www.sakerhetsforetagen.se\/2025\/10\/02\/replik-fran-sakerhetsforetagen-pa-ledartext-i-detektor-scandinavia\/","url":"https:\/\/www.sakerhetsforetagen.se\/2025\/10\/02\/replik-fran-sakerhetsforetagen-pa-ledartext-i-detektor-scandinavia\/","name":"Replik fr\u00e5n S\u00e4kerhetsf\u00f6retagen p\u00e5 ledartext i Detektor Scandinavia - S\u00e4kerhetsf\u00f6retagen","isPartOf":{"@id":"https:\/\/www.sakerhetsforetagen.se\/#website"},"primaryImageOfPage":{"@id":"https:\/\/www.sakerhetsforetagen.se\/2025\/10\/02\/replik-fran-sakerhetsforetagen-pa-ledartext-i-detektor-scandinavia\/#primaryimage"},"image":{"@id":"https:\/\/www.sakerhetsforetagen.se\/2025\/10\/02\/replik-fran-sakerhetsforetagen-pa-ledartext-i-detektor-scandinavia\/#primaryimage"},"thumbnailUrl":"https:\/\/www.sakerhetsforetagen.se\/app\/uploads\/sites\/11\/2025\/10\/Bild1-scaled.png","datePublished":"2025-10-02T12:04:56+00:00","dateModified":"2025-10-02T12:05:46+00:00","author":{"@id":"https:\/\/www.sakerhetsforetagen.se\/#\/schema\/person\/b8fb1f06c5873724408d7b84a9413c10"},"breadcrumb":{"@id":"https:\/\/www.sakerhetsforetagen.se\/2025\/10\/02\/replik-fran-sakerhetsforetagen-pa-ledartext-i-detektor-scandinavia\/#breadcrumb"},"inLanguage":"sv-SE","potentialAction":[{"@type":"ReadAction","target":["https:\/\/www.sakerhetsforetagen.se\/2025\/10\/02\/replik-fran-sakerhetsforetagen-pa-ledartext-i-detektor-scandinavia\/"]}]},{"@type":"ImageObject","inLanguage":"sv-SE","@id":"https:\/\/www.sakerhetsforetagen.se\/2025\/10\/02\/replik-fran-sakerhetsforetagen-pa-ledartext-i-detektor-scandinavia\/#primaryimage","url":"https:\/\/www.sakerhetsforetagen.se\/app\/uploads\/sites\/11\/2025\/10\/Bild1-scaled.png","contentUrl":"https:\/\/www.sakerhetsforetagen.se\/app\/uploads\/sites\/11\/2025\/10\/Bild1-scaled.png","width":2560,"height":1440,"caption":"Pontus Lindstr\u00f6m, n\u00e4ringspolitisk chef och Joachim K\u00e4llsholm, ordf\u00f6rande S\u00e4kerhetsf\u00f6retagen"},{"@type":"BreadcrumbList","@id":"https:\/\/www.sakerhetsforetagen.se\/2025\/10\/02\/replik-fran-sakerhetsforetagen-pa-ledartext-i-detektor-scandinavia\/#breadcrumb","itemListElement":[{"@type":"ListItem","position":1,"name":"Home","item":"https:\/\/www.sakerhetsforetagen.se\/"},{"@type":"ListItem","position":2,"name":"Replik fr\u00e5n S\u00e4kerhets&shy;f\u00f6retagen p\u00e5 ledartext i Detektor Scandinavia"}]},{"@type":"WebSite","@id":"https:\/\/www.sakerhetsforetagen.se\/#website","url":"https:\/\/www.sakerhetsforetagen.se\/","name":"S\u00e4kerhetsf\u00f6retagen","description":"","potentialAction":[{"@type":"SearchAction","target":{"@type":"EntryPoint","urlTemplate":"https:\/\/www.sakerhetsforetagen.se\/?s={search_term_string}"},"query-input":{"@type":"PropertyValueSpecification","valueRequired":true,"valueName":"search_term_string"}}],"inLanguage":"sv-SE"},{"@type":"Person","@id":"https:\/\/www.sakerhetsforetagen.se\/#\/schema\/person\/b8fb1f06c5873724408d7b84a9413c10","name":"Pontus Lindstr\u00f6m","image":{"@type":"ImageObject","inLanguage":"sv-SE","@id":"https:\/\/www.sakerhetsforetagen.se\/#\/schema\/person\/image\/","url":"https:\/\/secure.gravatar.com\/avatar\/632a95919c36ce5d60038328122952c88471e469f32339875062cf6161411ade?s=96&d=mm&r=g","contentUrl":"https:\/\/secure.gravatar.com\/avatar\/632a95919c36ce5d60038328122952c88471e469f32339875062cf6161411ade?s=96&d=mm&r=g","caption":"Pontus Lindstr\u00f6m"},"url":"https:\/\/www.sakerhetsforetagen.se\/person\/pontuslindstrom\/"}]}},"_links":{"self":[{"href":"https:\/\/www.sakerhetsforetagen.se\/api\/wp\/v2\/posts\/2242","targetHints":{"allow":["GET"]}}],"collection":[{"href":"https:\/\/www.sakerhetsforetagen.se\/api\/wp\/v2\/posts"}],"about":[{"href":"https:\/\/www.sakerhetsforetagen.se\/api\/wp\/v2\/types\/post"}],"author":[{"embeddable":true,"href":"https:\/\/www.sakerhetsforetagen.se\/api\/wp\/v2\/users\/18172"}],"replies":[{"embeddable":true,"href":"https:\/\/www.sakerhetsforetagen.se\/api\/wp\/v2\/comments?post=2242"}],"version-history":[{"count":3,"href":"https:\/\/www.sakerhetsforetagen.se\/api\/wp\/v2\/posts\/2242\/revisions"}],"predecessor-version":[{"id":2246,"href":"https:\/\/www.sakerhetsforetagen.se\/api\/wp\/v2\/posts\/2242\/revisions\/2246"}],"wp:featuredmedia":[{"embeddable":true,"href":"https:\/\/www.sakerhetsforetagen.se\/api\/wp\/v2\/media\/2243"}],"wp:attachment":[{"href":"https:\/\/www.sakerhetsforetagen.se\/api\/wp\/v2\/media?parent=2242"}],"wp:term":[{"taxonomy":"category","embeddable":true,"href":"https:\/\/www.sakerhetsforetagen.se\/api\/wp\/v2\/categories?post=2242"},{"taxonomy":"post_tag","embeddable":true,"href":"https:\/\/www.sakerhetsforetagen.se\/api\/wp\/v2\/tags?post=2242"},{"taxonomy":"type","embeddable":true,"href":"https:\/\/www.sakerhetsforetagen.se\/api\/wp\/v2\/article_type?post=2242"},{"taxonomy":"agreement","embeddable":true,"href":"https:\/\/www.sakerhetsforetagen.se\/api\/wp\/v2\/agreement?post=2242"},{"taxonomy":"for-members","embeddable":true,"href":"https:\/\/www.sakerhetsforetagen.se\/api\/wp\/v2\/for-members?post=2242"}],"curies":[{"name":"wp","href":"https:\/\/api.w.org\/{rel}","templated":true}]}}