{"id":2215,"date":"2025-08-19T06:33:17","date_gmt":"2025-08-19T04:33:17","guid":{"rendered":"https:\/\/www.sakerhetsforetagen.se\/?p=2215"},"modified":"2025-08-19T06:33:17","modified_gmt":"2025-08-19T04:33:17","slug":"svenska-sakerhetsforetag-vaxer-kraftigt-rekordnivaer-i-antal-anstallda-och-omsattning","status":"publish","type":"post","link":"https:\/\/www.sakerhetsforetagen.se\/2025\/08\/19\/svenska-sakerhetsforetag-vaxer-kraftigt-rekordnivaer-i-antal-anstallda-och-omsattning\/","title":{"rendered":"Svenska s\u00e4kerhets&shy;f\u00f6retag v\u00e4xer kraftigt \u2013 rekordniv\u00e5er i antal anst\u00e4llda och oms\u00e4ttning"},"content":{"rendered":"<p class=\"intro\">En f\u00e4rsk \u00e5rsrapport fr\u00e5n branschorganisationen S\u00e4kerhetsf\u00f6retagen visar att antalet anst\u00e4llda och den totala oms\u00e4ttningen inom svenska s\u00e4kerhetsf\u00f6retag aldrig tidigare varit h\u00f6gre.<\/p>\n\n<p>S\u00e4kerhetsf\u00f6retagens \u00e5rsrapport 2025 bygger p\u00e5 den senaste statistiken fr\u00e5n branschen och visar en tydlig tillv\u00e4xt och en stark efterfr\u00e5gan p\u00e5 s\u00e4kerhetstj\u00e4nster och produkter.<\/p>\n\n\n\n<p>\u2013 Det \u00e4r ett kvitto p\u00e5 att svenska s\u00e4kerhetsf\u00f6retag forts\u00e4tter levererar ett brett och h\u00f6gkvalitativt utbud av varor och tj\u00e4nster till privatpersoner, f\u00f6retag och myndigheter i hela landet, s\u00e4ger <strong>Richard Org\u00e5rd, f\u00f6rbundsdirekt\u00f6r p\u00e5 S\u00e4kerhetsf\u00f6retagen<\/strong>. Vi ser en \u00f6kad efterfr\u00e5gan p\u00e5 allt fr\u00e5n tekniska s\u00e4kerhetssystem och bevakning till s\u00e4kerhetsr\u00e5dgivning och integrerade l\u00f6sningar.<\/p>\n\n\n\n<p>Rapporten visar att 24&nbsp;000 personer arbetar i de svenska s\u00e4kerhetsf\u00f6retagen. Det \u00e4r fler \u00e4n n\u00e5gonsin tidigare och inneb\u00e4r en \u00f6kning med 5 procent j\u00e4mf\u00f6rt med 2023. Branschens nettooms\u00e4ttning uppg\u00e5r till 34 miljarder kronor vilket ocks\u00e5 \u00e4r en ny rekordniv\u00e5.<\/p>\n\n\n\n<p>\u2013 Sverige har en l\u00e5ng tradition av privata s\u00e4kerhetsf\u00f6retag som \u00f6ver hela landet bidrar med att \u00f6ka tryggheten och s\u00e4kerheten f\u00f6r hush\u00e5ll, f\u00f6retag och myndigheter. F\u00f6retag inom ett brett spektrum av omr\u00e5den bidrar med en myriad av s\u00e4kerhetsl\u00f6sningar, bland annat inom bevakning, hemlarm, IT-s\u00e4kerhet, dr\u00f6narverksamhet och ny AI-baserad teknik, s\u00e4ger <strong>Richard Org\u00e5rd<\/strong>.<\/p>\n\n\n\n<p><strong>Skillnader inom landet<\/strong><\/p>\n\n\n\n<p>\u00c5rsrapporten visar att en stor del av v\u00e4ktarna och ordningsvakterna i Sverige \u00e4r anst\u00e4llda i storstadsl\u00e4nen (cirka 67 procent totalt i Stockholms l\u00e4n, V\u00e4stra G\u00f6talands l\u00e4n och Sk\u00e5ne l\u00e4n). I Stockholms l\u00e4n har antalet v\u00e4ktare och ordningsvakter \u00f6kat fr\u00e5n cirka 6 600 till 7 900 sedan 2014. Hallands l\u00e4n, Blekinge l\u00e4n och Kalmars l\u00e4n har under tidsperioden upplevt en minskning av antalet v\u00e4ktare och ordningsvakter. I resten av landet har det skett en \u00f6kning.<\/p>\n\n\n\n<p>\u2013 Lag och ordning \u00e4r \u00e5terigen den viktigaste fr\u00e5gan f\u00f6r v\u00e4ljark\u00e5ren. F\u00f6r att f\u00f6rebygga och bek\u00e4mpa kriminaliteten kr\u00e4vs det fortsatt krafttag d\u00e4r myndigheter och kommuner i hela landet nyttjar kraften och innovationen i de privata s\u00e4kerhetsf\u00f6retagen, s\u00e4ger <strong>Pontus Lindstr\u00f6m, n\u00e4ringspolitisk chef p\u00e5 S\u00e4kerhetsf\u00f6retagen<\/strong>.<\/p>\n\n\n\n<p><strong>Branschens utveckling speglar samh\u00e4llstrender<\/strong><\/p>\n\n\n\n<p>Tillv\u00e4xten inom s\u00e4kerhetssektorn drivs av flera faktorer. \u00d6kad digitalisering och teknisk innovation \u00f6ppnar nya m\u00f6jligheter f\u00f6r smarta och effektiva s\u00e4kerhetsl\u00f6sningar. Samtidigt har b\u00e5de f\u00f6retag och offentliga akt\u00f6rer blivit mer medvetna om vikten av proaktivt s\u00e4kerhetsarbete i en tid d\u00e5 hotbilden f\u00f6r\u00e4ndras snabbt. Detta har lett till en stark \u00f6kning av investeringar i s\u00e4kerhets\u00e5tg\u00e4rder p\u00e5 alla niv\u00e5er.<\/p>\n\n\n\n<p>\u2013 S\u00e4kerhetsf\u00f6retagens breda kompetens och f\u00f6rm\u00e5ga att anpassa sig till nya krav \u00e4r en avg\u00f6rande framg\u00e5ngsfaktor. Genom att kombinera traditionella s\u00e4kerhetstj\u00e4nster med avancerad teknik skapar branschen l\u00f6sningar som skyddar b\u00e5de individer och samh\u00e4llsviktiga verksamheter, s\u00e4ger <strong>Pontus Lindstr\u00f6m<\/strong>.<\/p>\n\n\n\n<object data-wp-bind--hidden=\"!state.hasPdfPreview\" hidden class=\"wp-block-file__embed\" data=\"https:\/\/www.sakerhetsforetagen.se\/app\/uploads\/sites\/11\/2025\/08\/Arsrapport-2025-Sakerhetsforetagen.pdf\" type=\"application\/pdf\" style=\"width:100%;height:600px\" aria-label=\"Inb\u00e4ddning av \u00c5rsrapport 2025 S\u00e4kerhetsf\u00f6retagen.\"><\/object><a id=\"wp-block-file--media-dac4a098-580e-4b0f-a9dd-31991a38f603\" href=\"https:\/\/www.sakerhetsforetagen.se\/app\/uploads\/sites\/11\/2025\/08\/Arsrapport-2025-Sakerhetsforetagen.pdf\">\u00c5rsrapport 2025 S\u00e4kerhetsf\u00f6retagen<\/a><a href=\"https:\/\/www.sakerhetsforetagen.se\/app\/uploads\/sites\/11\/2025\/08\/Arsrapport-2025-Sakerhetsforetagen.pdf\" class=\"wp-block-file__button wp-element-button\" download aria-describedby=\"wp-block-file--media-dac4a098-580e-4b0f-a9dd-31991a38f603\">Ladda ner<\/a>\n\n\n\n<p><\/p>\n","protected":false},"excerpt":{"rendered":"<p>S\u00e4kerhetsf\u00f6retagens \u00e5rsrapport 2025 bygger p\u00e5 den senaste statistiken fr\u00e5n branschen och visar en tydlig tillv\u00e4xt och en stark efterfr\u00e5gan p\u00e5 s\u00e4kerhetstj\u00e4nster och produkter. \u2013 Det \u00e4r ett kvitto p\u00e5 att svenska s\u00e4kerhetsf\u00f6retag forts\u00e4tter levererar ett &hellip;<\/p>\n","protected":false},"author":18172,"featured_media":2217,"comment_status":"open","ping_status":"open","sticky":false,"template":"","format":"standard","meta":{"_acf_changed":false,"footnotes":""},"categories":[155],"tags":[],"article_type":[],"agreement":[],"for-members":[],"class_list":["post-2215","post","type-post","status-publish","format-standard","has-post-thumbnail","hentry","category-aktuellt"],"acf":[],"yoast_head":"<!-- This site is optimized with the Yoast SEO plugin v26.8 - https:\/\/yoast.com\/product\/yoast-seo-wordpress\/ -->\n<title>Svenska s\u00e4kerhetsf\u00f6retag v\u00e4xer kraftigt \u2013 rekordniv\u00e5er i antal anst\u00e4llda och oms\u00e4ttning - S\u00e4kerhetsf\u00f6retagen<\/title>\n<meta name=\"robots\" content=\"index, follow, max-snippet:-1, max-image-preview:large, max-video-preview:-1\" \/>\n<link rel=\"canonical\" href=\"https:\/\/www.sakerhetsforetagen.se\/2025\/08\/19\/svenska-sakerhetsforetag-vaxer-kraftigt-rekordnivaer-i-antal-anstallda-och-omsattning\/\" \/>\n<meta property=\"og:locale\" content=\"sv_SE\" \/>\n<meta property=\"og:type\" content=\"article\" \/>\n<meta property=\"og:title\" content=\"Svenska s\u00e4kerhetsf\u00f6retag v\u00e4xer kraftigt \u2013 rekordniv\u00e5er i antal anst\u00e4llda och oms\u00e4ttning - S\u00e4kerhetsf\u00f6retagen\" \/>\n<meta property=\"og:description\" content=\"S\u00e4kerhetsf\u00f6retagens \u00e5rsrapport 2025 bygger p\u00e5 den senaste statistiken fr\u00e5n branschen och visar en tydlig tillv\u00e4xt och en stark efterfr\u00e5gan p\u00e5 s\u00e4kerhetstj\u00e4nster och produkter. \u2013 Det \u00e4r ett kvitto p\u00e5 att svenska s\u00e4kerhetsf\u00f6retag forts\u00e4tter levererar ett &hellip;\" \/>\n<meta property=\"og:url\" content=\"https:\/\/www.sakerhetsforetagen.se\/2025\/08\/19\/svenska-sakerhetsforetag-vaxer-kraftigt-rekordnivaer-i-antal-anstallda-och-omsattning\/\" \/>\n<meta property=\"og:site_name\" content=\"S\u00e4kerhetsf\u00f6retagen\" \/>\n<meta property=\"article:published_time\" content=\"2025-08-19T04:33:17+00:00\" \/>\n<meta property=\"og:image\" content=\"https:\/\/www.sakerhetsforetagen.se\/app\/uploads\/sites\/11\/2025\/08\/23089981-ordningsvakter-scaled.jpg\" \/>\n\t<meta property=\"og:image:width\" content=\"2560\" \/>\n\t<meta property=\"og:image:height\" content=\"1765\" \/>\n\t<meta property=\"og:image:type\" content=\"image\/jpeg\" \/>\n<meta name=\"author\" content=\"Pontus Lindstr\u00f6m\" \/>\n<meta name=\"twitter:card\" content=\"summary_large_image\" \/>\n<meta name=\"twitter:label1\" content=\"Skriven av\" \/>\n\t<meta name=\"twitter:data1\" content=\"Pontus Lindstr\u00f6m\" \/>\n\t<meta name=\"twitter:label2\" content=\"Ber\u00e4knad l\u00e4stid\" \/>\n\t<meta name=\"twitter:data2\" content=\"3 minuter\" \/>\n<!-- \/ Yoast SEO plugin. -->","yoast_head_json":{"title":"Svenska s\u00e4kerhetsf\u00f6retag v\u00e4xer kraftigt \u2013 rekordniv\u00e5er i antal anst\u00e4llda och oms\u00e4ttning - S\u00e4kerhetsf\u00f6retagen","robots":{"index":"index","follow":"follow","max-snippet":"max-snippet:-1","max-image-preview":"max-image-preview:large","max-video-preview":"max-video-preview:-1"},"canonical":"https:\/\/www.sakerhetsforetagen.se\/2025\/08\/19\/svenska-sakerhetsforetag-vaxer-kraftigt-rekordnivaer-i-antal-anstallda-och-omsattning\/","og_locale":"sv_SE","og_type":"article","og_title":"Svenska s\u00e4kerhetsf\u00f6retag v\u00e4xer kraftigt \u2013 rekordniv\u00e5er i antal anst\u00e4llda och oms\u00e4ttning - S\u00e4kerhetsf\u00f6retagen","og_description":"S\u00e4kerhetsf\u00f6retagens \u00e5rsrapport 2025 bygger p\u00e5 den senaste statistiken fr\u00e5n branschen och visar en tydlig tillv\u00e4xt och en stark efterfr\u00e5gan p\u00e5 s\u00e4kerhetstj\u00e4nster och produkter. \u2013 Det \u00e4r ett kvitto p\u00e5 att svenska s\u00e4kerhetsf\u00f6retag forts\u00e4tter levererar ett &hellip;","og_url":"https:\/\/www.sakerhetsforetagen.se\/2025\/08\/19\/svenska-sakerhetsforetag-vaxer-kraftigt-rekordnivaer-i-antal-anstallda-och-omsattning\/","og_site_name":"S\u00e4kerhetsf\u00f6retagen","article_published_time":"2025-08-19T04:33:17+00:00","og_image":[{"width":2560,"height":1765,"url":"https:\/\/www.sakerhetsforetagen.se\/app\/uploads\/sites\/11\/2025\/08\/23089981-ordningsvakter-scaled.jpg","type":"image\/jpeg"}],"author":"Pontus Lindstr\u00f6m","twitter_card":"summary_large_image","twitter_misc":{"Skriven av":"Pontus Lindstr\u00f6m","Ber\u00e4knad l\u00e4stid":"3 minuter"},"schema":{"@context":"https:\/\/schema.org","@graph":[{"@type":"Article","@id":"https:\/\/www.sakerhetsforetagen.se\/2025\/08\/19\/svenska-sakerhetsforetag-vaxer-kraftigt-rekordnivaer-i-antal-anstallda-och-omsattning\/#article","isPartOf":{"@id":"https:\/\/www.sakerhetsforetagen.se\/2025\/08\/19\/svenska-sakerhetsforetag-vaxer-kraftigt-rekordnivaer-i-antal-anstallda-och-omsattning\/"},"author":{"name":"Pontus Lindstr\u00f6m","@id":"https:\/\/www.sakerhetsforetagen.se\/#\/schema\/person\/b8fb1f06c5873724408d7b84a9413c10"},"headline":"Svenska s\u00e4kerhets&shy;f\u00f6retag v\u00e4xer kraftigt \u2013 rekordniv\u00e5er i antal anst\u00e4llda och oms\u00e4ttning","datePublished":"2025-08-19T04:33:17+00:00","mainEntityOfPage":{"@id":"https:\/\/www.sakerhetsforetagen.se\/2025\/08\/19\/svenska-sakerhetsforetag-vaxer-kraftigt-rekordnivaer-i-antal-anstallda-och-omsattning\/"},"wordCount":500,"commentCount":0,"image":{"@id":"https:\/\/www.sakerhetsforetagen.se\/2025\/08\/19\/svenska-sakerhetsforetag-vaxer-kraftigt-rekordnivaer-i-antal-anstallda-och-omsattning\/#primaryimage"},"thumbnailUrl":"https:\/\/www.sakerhetsforetagen.se\/app\/uploads\/sites\/11\/2025\/08\/23089981-ordningsvakter-scaled.jpg","articleSection":["Aktuellt"],"inLanguage":"sv-SE","potentialAction":[{"@type":"CommentAction","name":"Comment","target":["https:\/\/www.sakerhetsforetagen.se\/2025\/08\/19\/svenska-sakerhetsforetag-vaxer-kraftigt-rekordnivaer-i-antal-anstallda-och-omsattning\/#respond"]}]},{"@type":"WebPage","@id":"https:\/\/www.sakerhetsforetagen.se\/2025\/08\/19\/svenska-sakerhetsforetag-vaxer-kraftigt-rekordnivaer-i-antal-anstallda-och-omsattning\/","url":"https:\/\/www.sakerhetsforetagen.se\/2025\/08\/19\/svenska-sakerhetsforetag-vaxer-kraftigt-rekordnivaer-i-antal-anstallda-och-omsattning\/","name":"Svenska s\u00e4kerhetsf\u00f6retag v\u00e4xer kraftigt \u2013 rekordniv\u00e5er i antal anst\u00e4llda och oms\u00e4ttning - S\u00e4kerhetsf\u00f6retagen","isPartOf":{"@id":"https:\/\/www.sakerhetsforetagen.se\/#website"},"primaryImageOfPage":{"@id":"https:\/\/www.sakerhetsforetagen.se\/2025\/08\/19\/svenska-sakerhetsforetag-vaxer-kraftigt-rekordnivaer-i-antal-anstallda-och-omsattning\/#primaryimage"},"image":{"@id":"https:\/\/www.sakerhetsforetagen.se\/2025\/08\/19\/svenska-sakerhetsforetag-vaxer-kraftigt-rekordnivaer-i-antal-anstallda-och-omsattning\/#primaryimage"},"thumbnailUrl":"https:\/\/www.sakerhetsforetagen.se\/app\/uploads\/sites\/11\/2025\/08\/23089981-ordningsvakter-scaled.jpg","datePublished":"2025-08-19T04:33:17+00:00","author":{"@id":"https:\/\/www.sakerhetsforetagen.se\/#\/schema\/person\/b8fb1f06c5873724408d7b84a9413c10"},"breadcrumb":{"@id":"https:\/\/www.sakerhetsforetagen.se\/2025\/08\/19\/svenska-sakerhetsforetag-vaxer-kraftigt-rekordnivaer-i-antal-anstallda-och-omsattning\/#breadcrumb"},"inLanguage":"sv-SE","potentialAction":[{"@type":"ReadAction","target":["https:\/\/www.sakerhetsforetagen.se\/2025\/08\/19\/svenska-sakerhetsforetag-vaxer-kraftigt-rekordnivaer-i-antal-anstallda-och-omsattning\/"]}]},{"@type":"ImageObject","inLanguage":"sv-SE","@id":"https:\/\/www.sakerhetsforetagen.se\/2025\/08\/19\/svenska-sakerhetsforetag-vaxer-kraftigt-rekordnivaer-i-antal-anstallda-och-omsattning\/#primaryimage","url":"https:\/\/www.sakerhetsforetagen.se\/app\/uploads\/sites\/11\/2025\/08\/23089981-ordningsvakter-scaled.jpg","contentUrl":"https:\/\/www.sakerhetsforetagen.se\/app\/uploads\/sites\/11\/2025\/08\/23089981-ordningsvakter-scaled.jpg","width":2560,"height":1765},{"@type":"BreadcrumbList","@id":"https:\/\/www.sakerhetsforetagen.se\/2025\/08\/19\/svenska-sakerhetsforetag-vaxer-kraftigt-rekordnivaer-i-antal-anstallda-och-omsattning\/#breadcrumb","itemListElement":[{"@type":"ListItem","position":1,"name":"Home","item":"https:\/\/www.sakerhetsforetagen.se\/"},{"@type":"ListItem","position":2,"name":"Svenska s\u00e4kerhets&shy;f\u00f6retag v\u00e4xer kraftigt \u2013 rekordniv\u00e5er i antal anst\u00e4llda och oms\u00e4ttning"}]},{"@type":"WebSite","@id":"https:\/\/www.sakerhetsforetagen.se\/#website","url":"https:\/\/www.sakerhetsforetagen.se\/","name":"S\u00e4kerhetsf\u00f6retagen","description":"","potentialAction":[{"@type":"SearchAction","target":{"@type":"EntryPoint","urlTemplate":"https:\/\/www.sakerhetsforetagen.se\/?s={search_term_string}"},"query-input":{"@type":"PropertyValueSpecification","valueRequired":true,"valueName":"search_term_string"}}],"inLanguage":"sv-SE"},{"@type":"Person","@id":"https:\/\/www.sakerhetsforetagen.se\/#\/schema\/person\/b8fb1f06c5873724408d7b84a9413c10","name":"Pontus Lindstr\u00f6m","image":{"@type":"ImageObject","inLanguage":"sv-SE","@id":"https:\/\/www.sakerhetsforetagen.se\/#\/schema\/person\/image\/","url":"https:\/\/secure.gravatar.com\/avatar\/632a95919c36ce5d60038328122952c88471e469f32339875062cf6161411ade?s=96&d=mm&r=g","contentUrl":"https:\/\/secure.gravatar.com\/avatar\/632a95919c36ce5d60038328122952c88471e469f32339875062cf6161411ade?s=96&d=mm&r=g","caption":"Pontus Lindstr\u00f6m"},"url":"https:\/\/www.sakerhetsforetagen.se\/person\/pontuslindstrom\/"}]}},"_links":{"self":[{"href":"https:\/\/www.sakerhetsforetagen.se\/api\/wp\/v2\/posts\/2215","targetHints":{"allow":["GET"]}}],"collection":[{"href":"https:\/\/www.sakerhetsforetagen.se\/api\/wp\/v2\/posts"}],"about":[{"href":"https:\/\/www.sakerhetsforetagen.se\/api\/wp\/v2\/types\/post"}],"author":[{"embeddable":true,"href":"https:\/\/www.sakerhetsforetagen.se\/api\/wp\/v2\/users\/18172"}],"replies":[{"embeddable":true,"href":"https:\/\/www.sakerhetsforetagen.se\/api\/wp\/v2\/comments?post=2215"}],"version-history":[{"count":4,"href":"https:\/\/www.sakerhetsforetagen.se\/api\/wp\/v2\/posts\/2215\/revisions"}],"predecessor-version":[{"id":2221,"href":"https:\/\/www.sakerhetsforetagen.se\/api\/wp\/v2\/posts\/2215\/revisions\/2221"}],"wp:featuredmedia":[{"embeddable":true,"href":"https:\/\/www.sakerhetsforetagen.se\/api\/wp\/v2\/media\/2217"}],"wp:attachment":[{"href":"https:\/\/www.sakerhetsforetagen.se\/api\/wp\/v2\/media?parent=2215"}],"wp:term":[{"taxonomy":"category","embeddable":true,"href":"https:\/\/www.sakerhetsforetagen.se\/api\/wp\/v2\/categories?post=2215"},{"taxonomy":"post_tag","embeddable":true,"href":"https:\/\/www.sakerhetsforetagen.se\/api\/wp\/v2\/tags?post=2215"},{"taxonomy":"type","embeddable":true,"href":"https:\/\/www.sakerhetsforetagen.se\/api\/wp\/v2\/article_type?post=2215"},{"taxonomy":"agreement","embeddable":true,"href":"https:\/\/www.sakerhetsforetagen.se\/api\/wp\/v2\/agreement?post=2215"},{"taxonomy":"for-members","embeddable":true,"href":"https:\/\/www.sakerhetsforetagen.se\/api\/wp\/v2\/for-members?post=2215"}],"curies":[{"name":"wp","href":"https:\/\/api.w.org\/{rel}","templated":true}]}}