{"id":2188,"date":"2025-06-03T09:24:18","date_gmt":"2025-06-03T07:24:18","guid":{"rendered":"https:\/\/www.sakerhetsforetagen.se\/?p=2188"},"modified":"2025-06-03T09:24:19","modified_gmt":"2025-06-03T07:24:19","slug":"nytt-avtal-for-bevaknings-och-sakerhetsbranschen","status":"publish","type":"post","link":"https:\/\/www.sakerhetsforetagen.se\/2025\/06\/03\/nytt-avtal-for-bevaknings-och-sakerhetsbranschen\/","title":{"rendered":"Nytt avtal f\u00f6r Bevaknings- och s\u00e4kerhets\u00adbranschen"},"content":{"rendered":"<p class=\"intro\">S\u00e4kerhetsf\u00f6retagen inom Almega\u00a0har, tillsammans med Transportarbetarf\u00f6rbundet, tr\u00e4ffat ett nytt kollektivavtal f\u00f6r Bevaknings- och s\u00e4kerhetsbranschen. Det nya avtalet\u00a0l\u00f6per p\u00e5 24 m\u00e5nader och har ett avtalsv\u00e4rde p\u00e5 6,4 procent.<\/p>\n\n<p>\u2013 Vi har tecknat ett avtal som ryms inom de ramar, det s\u00e5 kallade m\u00e4rket, som arbetsmarknadens parter \u00e4r \u00f6verens om. Vi har efter konstruktiva f\u00f6rhandlingar nu ett avtal som gynnar s\u00e5v\u00e4l f\u00f6retag som anst\u00e4llda i bevaknings- och s\u00e4kerhetsbranschen. Det s\u00e4ger Adam Dobbertin, f\u00f6rhandlingschef p\u00e5 S\u00e4kerhetsf\u00f6retagen.&nbsp;<\/p>\n\n\n\n<p>Kollektivavtalet ber\u00f6r&nbsp;ca 20&nbsp;000 \u00e5rsanst\u00e4llda medarbetare i 200&nbsp;f\u00f6retag.<\/p>\n","protected":false},"excerpt":{"rendered":"<p>\u2013 Vi har tecknat ett avtal som ryms inom de ramar, det s\u00e5 kallade m\u00e4rket, som arbetsmarknadens parter \u00e4r \u00f6verens om. Vi har efter konstruktiva f\u00f6rhandlingar nu ett avtal som gynnar s\u00e5v\u00e4l f\u00f6retag som anst\u00e4llda &hellip;<\/p>\n","protected":false},"author":18172,"featured_media":2189,"comment_status":"open","ping_status":"open","sticky":false,"template":"","format":"standard","meta":{"_acf_changed":false,"footnotes":""},"categories":[155],"tags":[],"article_type":[],"agreement":[],"for-members":[],"class_list":["post-2188","post","type-post","status-publish","format-standard","has-post-thumbnail","hentry","category-aktuellt"],"acf":[],"yoast_head":"<!-- This site is optimized with the Yoast SEO plugin v26.8 - https:\/\/yoast.com\/product\/yoast-seo-wordpress\/ -->\n<title>Nytt avtal f\u00f6r Bevaknings- och s\u00e4kerhets\u00adbranschen - S\u00e4kerhetsf\u00f6retagen<\/title>\n<meta name=\"robots\" content=\"index, follow, max-snippet:-1, max-image-preview:large, max-video-preview:-1\" \/>\n<link rel=\"canonical\" href=\"https:\/\/www.sakerhetsforetagen.se\/2025\/06\/03\/nytt-avtal-for-bevaknings-och-sakerhetsbranschen\/\" \/>\n<meta property=\"og:locale\" content=\"sv_SE\" \/>\n<meta property=\"og:type\" content=\"article\" \/>\n<meta property=\"og:title\" content=\"Nytt avtal f\u00f6r Bevaknings- och s\u00e4kerhets\u00adbranschen - S\u00e4kerhetsf\u00f6retagen\" \/>\n<meta property=\"og:description\" content=\"\u2013 Vi har tecknat ett avtal som ryms inom de ramar, det s\u00e5 kallade m\u00e4rket, som arbetsmarknadens parter \u00e4r \u00f6verens om. Vi har efter konstruktiva f\u00f6rhandlingar nu ett avtal som gynnar s\u00e5v\u00e4l f\u00f6retag som anst\u00e4llda &hellip;\" \/>\n<meta property=\"og:url\" content=\"https:\/\/www.sakerhetsforetagen.se\/2025\/06\/03\/nytt-avtal-for-bevaknings-och-sakerhetsbranschen\/\" \/>\n<meta property=\"og:site_name\" content=\"S\u00e4kerhetsf\u00f6retagen\" \/>\n<meta property=\"article:published_time\" content=\"2025-06-03T07:24:18+00:00\" \/>\n<meta property=\"article:modified_time\" content=\"2025-06-03T07:24:19+00:00\" \/>\n<meta property=\"og:image\" content=\"https:\/\/www.sakerhetsforetagen.se\/app\/uploads\/sites\/11\/2025\/06\/69a708ab-049d-40b1-9bd5-fd9f5d0ca524-1180x787-1.jpg\" \/>\n\t<meta property=\"og:image:width\" content=\"1180\" \/>\n\t<meta property=\"og:image:height\" content=\"787\" \/>\n\t<meta property=\"og:image:type\" content=\"image\/jpeg\" \/>\n<meta name=\"author\" content=\"Pontus Lindstr\u00f6m\" \/>\n<meta name=\"twitter:card\" content=\"summary_large_image\" \/>\n<meta name=\"twitter:label1\" content=\"Skriven av\" \/>\n\t<meta name=\"twitter:data1\" content=\"Pontus Lindstr\u00f6m\" \/>\n\t<meta name=\"twitter:label2\" content=\"Ber\u00e4knad l\u00e4stid\" \/>\n\t<meta name=\"twitter:data2\" content=\"1 minut\" \/>\n<!-- \/ Yoast SEO plugin. -->","yoast_head_json":{"title":"Nytt avtal f\u00f6r Bevaknings- och s\u00e4kerhets\u00adbranschen - S\u00e4kerhetsf\u00f6retagen","robots":{"index":"index","follow":"follow","max-snippet":"max-snippet:-1","max-image-preview":"max-image-preview:large","max-video-preview":"max-video-preview:-1"},"canonical":"https:\/\/www.sakerhetsforetagen.se\/2025\/06\/03\/nytt-avtal-for-bevaknings-och-sakerhetsbranschen\/","og_locale":"sv_SE","og_type":"article","og_title":"Nytt avtal f\u00f6r Bevaknings- och s\u00e4kerhets\u00adbranschen - S\u00e4kerhetsf\u00f6retagen","og_description":"\u2013 Vi har tecknat ett avtal som ryms inom de ramar, det s\u00e5 kallade m\u00e4rket, som arbetsmarknadens parter \u00e4r \u00f6verens om. Vi har efter konstruktiva f\u00f6rhandlingar nu ett avtal som gynnar s\u00e5v\u00e4l f\u00f6retag som anst\u00e4llda &hellip;","og_url":"https:\/\/www.sakerhetsforetagen.se\/2025\/06\/03\/nytt-avtal-for-bevaknings-och-sakerhetsbranschen\/","og_site_name":"S\u00e4kerhetsf\u00f6retagen","article_published_time":"2025-06-03T07:24:18+00:00","article_modified_time":"2025-06-03T07:24:19+00:00","og_image":[{"width":1180,"height":787,"url":"https:\/\/www.sakerhetsforetagen.se\/app\/uploads\/sites\/11\/2025\/06\/69a708ab-049d-40b1-9bd5-fd9f5d0ca524-1180x787-1.jpg","type":"image\/jpeg"}],"author":"Pontus Lindstr\u00f6m","twitter_card":"summary_large_image","twitter_misc":{"Skriven av":"Pontus Lindstr\u00f6m","Ber\u00e4knad l\u00e4stid":"1 minut"},"schema":{"@context":"https:\/\/schema.org","@graph":[{"@type":"Article","@id":"https:\/\/www.sakerhetsforetagen.se\/2025\/06\/03\/nytt-avtal-for-bevaknings-och-sakerhetsbranschen\/#article","isPartOf":{"@id":"https:\/\/www.sakerhetsforetagen.se\/2025\/06\/03\/nytt-avtal-for-bevaknings-och-sakerhetsbranschen\/"},"author":{"name":"Pontus Lindstr\u00f6m","@id":"https:\/\/www.sakerhetsforetagen.se\/#\/schema\/person\/b8fb1f06c5873724408d7b84a9413c10"},"headline":"Nytt avtal f\u00f6r Bevaknings- och s\u00e4kerhets\u00adbranschen","datePublished":"2025-06-03T07:24:18+00:00","dateModified":"2025-06-03T07:24:19+00:00","mainEntityOfPage":{"@id":"https:\/\/www.sakerhetsforetagen.se\/2025\/06\/03\/nytt-avtal-for-bevaknings-och-sakerhetsbranschen\/"},"wordCount":79,"commentCount":0,"image":{"@id":"https:\/\/www.sakerhetsforetagen.se\/2025\/06\/03\/nytt-avtal-for-bevaknings-och-sakerhetsbranschen\/#primaryimage"},"thumbnailUrl":"https:\/\/www.sakerhetsforetagen.se\/app\/uploads\/sites\/11\/2025\/06\/69a708ab-049d-40b1-9bd5-fd9f5d0ca524-1180x787-1.jpg","articleSection":["Aktuellt"],"inLanguage":"sv-SE","potentialAction":[{"@type":"CommentAction","name":"Comment","target":["https:\/\/www.sakerhetsforetagen.se\/2025\/06\/03\/nytt-avtal-for-bevaknings-och-sakerhetsbranschen\/#respond"]}]},{"@type":"WebPage","@id":"https:\/\/www.sakerhetsforetagen.se\/2025\/06\/03\/nytt-avtal-for-bevaknings-och-sakerhetsbranschen\/","url":"https:\/\/www.sakerhetsforetagen.se\/2025\/06\/03\/nytt-avtal-for-bevaknings-och-sakerhetsbranschen\/","name":"Nytt avtal f\u00f6r Bevaknings- och s\u00e4kerhets\u00adbranschen - S\u00e4kerhetsf\u00f6retagen","isPartOf":{"@id":"https:\/\/www.sakerhetsforetagen.se\/#website"},"primaryImageOfPage":{"@id":"https:\/\/www.sakerhetsforetagen.se\/2025\/06\/03\/nytt-avtal-for-bevaknings-och-sakerhetsbranschen\/#primaryimage"},"image":{"@id":"https:\/\/www.sakerhetsforetagen.se\/2025\/06\/03\/nytt-avtal-for-bevaknings-och-sakerhetsbranschen\/#primaryimage"},"thumbnailUrl":"https:\/\/www.sakerhetsforetagen.se\/app\/uploads\/sites\/11\/2025\/06\/69a708ab-049d-40b1-9bd5-fd9f5d0ca524-1180x787-1.jpg","datePublished":"2025-06-03T07:24:18+00:00","dateModified":"2025-06-03T07:24:19+00:00","author":{"@id":"https:\/\/www.sakerhetsforetagen.se\/#\/schema\/person\/b8fb1f06c5873724408d7b84a9413c10"},"breadcrumb":{"@id":"https:\/\/www.sakerhetsforetagen.se\/2025\/06\/03\/nytt-avtal-for-bevaknings-och-sakerhetsbranschen\/#breadcrumb"},"inLanguage":"sv-SE","potentialAction":[{"@type":"ReadAction","target":["https:\/\/www.sakerhetsforetagen.se\/2025\/06\/03\/nytt-avtal-for-bevaknings-och-sakerhetsbranschen\/"]}]},{"@type":"ImageObject","inLanguage":"sv-SE","@id":"https:\/\/www.sakerhetsforetagen.se\/2025\/06\/03\/nytt-avtal-for-bevaknings-och-sakerhetsbranschen\/#primaryimage","url":"https:\/\/www.sakerhetsforetagen.se\/app\/uploads\/sites\/11\/2025\/06\/69a708ab-049d-40b1-9bd5-fd9f5d0ca524-1180x787-1.jpg","contentUrl":"https:\/\/www.sakerhetsforetagen.se\/app\/uploads\/sites\/11\/2025\/06\/69a708ab-049d-40b1-9bd5-fd9f5d0ca524-1180x787-1.jpg","width":1180,"height":787,"caption":"Adam Dobbertin, f\u00f6rhandlingschef p\u00e5 S\u00e4kerhetsf\u00f6retagen"},{"@type":"BreadcrumbList","@id":"https:\/\/www.sakerhetsforetagen.se\/2025\/06\/03\/nytt-avtal-for-bevaknings-och-sakerhetsbranschen\/#breadcrumb","itemListElement":[{"@type":"ListItem","position":1,"name":"Home","item":"https:\/\/www.sakerhetsforetagen.se\/"},{"@type":"ListItem","position":2,"name":"Nytt avtal f\u00f6r Bevaknings- och s\u00e4kerhets\u00adbranschen"}]},{"@type":"WebSite","@id":"https:\/\/www.sakerhetsforetagen.se\/#website","url":"https:\/\/www.sakerhetsforetagen.se\/","name":"S\u00e4kerhetsf\u00f6retagen","description":"","potentialAction":[{"@type":"SearchAction","target":{"@type":"EntryPoint","urlTemplate":"https:\/\/www.sakerhetsforetagen.se\/?s={search_term_string}"},"query-input":{"@type":"PropertyValueSpecification","valueRequired":true,"valueName":"search_term_string"}}],"inLanguage":"sv-SE"},{"@type":"Person","@id":"https:\/\/www.sakerhetsforetagen.se\/#\/schema\/person\/b8fb1f06c5873724408d7b84a9413c10","name":"Pontus Lindstr\u00f6m","image":{"@type":"ImageObject","inLanguage":"sv-SE","@id":"https:\/\/www.sakerhetsforetagen.se\/#\/schema\/person\/image\/","url":"https:\/\/secure.gravatar.com\/avatar\/632a95919c36ce5d60038328122952c88471e469f32339875062cf6161411ade?s=96&d=mm&r=g","contentUrl":"https:\/\/secure.gravatar.com\/avatar\/632a95919c36ce5d60038328122952c88471e469f32339875062cf6161411ade?s=96&d=mm&r=g","caption":"Pontus Lindstr\u00f6m"},"url":"https:\/\/www.sakerhetsforetagen.se\/person\/pontuslindstrom\/"}]}},"_links":{"self":[{"href":"https:\/\/www.sakerhetsforetagen.se\/api\/wp\/v2\/posts\/2188","targetHints":{"allow":["GET"]}}],"collection":[{"href":"https:\/\/www.sakerhetsforetagen.se\/api\/wp\/v2\/posts"}],"about":[{"href":"https:\/\/www.sakerhetsforetagen.se\/api\/wp\/v2\/types\/post"}],"author":[{"embeddable":true,"href":"https:\/\/www.sakerhetsforetagen.se\/api\/wp\/v2\/users\/18172"}],"replies":[{"embeddable":true,"href":"https:\/\/www.sakerhetsforetagen.se\/api\/wp\/v2\/comments?post=2188"}],"version-history":[{"count":1,"href":"https:\/\/www.sakerhetsforetagen.se\/api\/wp\/v2\/posts\/2188\/revisions"}],"predecessor-version":[{"id":2190,"href":"https:\/\/www.sakerhetsforetagen.se\/api\/wp\/v2\/posts\/2188\/revisions\/2190"}],"wp:featuredmedia":[{"embeddable":true,"href":"https:\/\/www.sakerhetsforetagen.se\/api\/wp\/v2\/media\/2189"}],"wp:attachment":[{"href":"https:\/\/www.sakerhetsforetagen.se\/api\/wp\/v2\/media?parent=2188"}],"wp:term":[{"taxonomy":"category","embeddable":true,"href":"https:\/\/www.sakerhetsforetagen.se\/api\/wp\/v2\/categories?post=2188"},{"taxonomy":"post_tag","embeddable":true,"href":"https:\/\/www.sakerhetsforetagen.se\/api\/wp\/v2\/tags?post=2188"},{"taxonomy":"type","embeddable":true,"href":"https:\/\/www.sakerhetsforetagen.se\/api\/wp\/v2\/article_type?post=2188"},{"taxonomy":"agreement","embeddable":true,"href":"https:\/\/www.sakerhetsforetagen.se\/api\/wp\/v2\/agreement?post=2188"},{"taxonomy":"for-members","embeddable":true,"href":"https:\/\/www.sakerhetsforetagen.se\/api\/wp\/v2\/for-members?post=2188"}],"curies":[{"name":"wp","href":"https:\/\/api.w.org\/{rel}","templated":true}]}}