{"id":2184,"date":"2025-05-27T09:21:42","date_gmt":"2025-05-27T07:21:42","guid":{"rendered":"https:\/\/www.sakerhetsforetagen.se\/?p=2184"},"modified":"2025-05-27T09:23:13","modified_gmt":"2025-05-27T07:23:13","slug":"sakerhetsforetagen-deltar-i-almedalen","status":"publish","type":"post","link":"https:\/\/www.sakerhetsforetagen.se\/2025\/05\/27\/sakerhetsforetagen-deltar-i-almedalen\/","title":{"rendered":"S\u00e4kerhets&shy;f\u00f6retagen deltar i Almedalen"},"content":{"rendered":"<p class=\"intro\">Under Almedalsveckan 2025 blir S\u00e4kerhetsarenan p\u00e5 Gotlands museum en samlingsplats f\u00f6r samtal som st\u00e4rker Sverige f\u00f6r framtiden.<\/p>\n\n<p>H\u00e4r m\u00f6ts Sveriges ledande akt\u00f6rer inom trygghet, s\u00e4kerhet och beredskap f\u00f6r att lyfta viktiga perspektiv och diskutera v\u00e4gar fram\u00e5t.<br><br>Bakom arrangemanget st\u00e5r S\u00e4kerhetsf\u00f6retagen tillsammans med SSF St\u00f6ldskyddsf\u00f6reningen, S\u00e4kerhetsbranschen, Brandskyddsf\u00f6reningen, Stiftelsen Tryggare Sverige, F\u00f6retagsuniversitetet, Folk och f\u00f6rsvar och S\u00e4kerhets- och f\u00f6rsvarsf\u00f6retagen SOFF.<\/p>\n\n\n\n<p><br><a href=\"https:\/\/almedalsveckan.info\/rg\/almedalsveckan\/officiellt-program\/program-2025?search=s%C3%A4kerhetsarenan\">Alla seminarier i programmet hittas i h\u00e4r<\/a>. Seminarierna kommer ocks\u00e5 att lives\u00e4ndas.<\/p>\n","protected":false},"excerpt":{"rendered":"<p>H\u00e4r m\u00f6ts Sveriges ledande akt\u00f6rer inom trygghet, s\u00e4kerhet och beredskap f\u00f6r att lyfta viktiga perspektiv och diskutera v\u00e4gar fram\u00e5t. Bakom arrangemanget st\u00e5r S\u00e4kerhetsf\u00f6retagen tillsammans med SSF St\u00f6ldskyddsf\u00f6reningen, S\u00e4kerhetsbranschen, Brandskyddsf\u00f6reningen, Stiftelsen Tryggare Sverige, F\u00f6retagsuniversitetet, Folk och &hellip;<\/p>\n","protected":false},"author":18172,"featured_media":2187,"comment_status":"open","ping_status":"open","sticky":false,"template":"","format":"standard","meta":{"_acf_changed":false,"footnotes":""},"categories":[155],"tags":[],"article_type":[],"agreement":[],"for-members":[],"class_list":["post-2184","post","type-post","status-publish","format-standard","has-post-thumbnail","hentry","category-aktuellt"],"acf":[],"yoast_head":"<!-- This site is optimized with the Yoast SEO plugin v26.8 - https:\/\/yoast.com\/product\/yoast-seo-wordpress\/ -->\n<title>S\u00e4kerhetsf\u00f6retagen deltar i Almedalen - S\u00e4kerhetsf\u00f6retagen<\/title>\n<meta name=\"robots\" content=\"index, follow, max-snippet:-1, max-image-preview:large, max-video-preview:-1\" \/>\n<link rel=\"canonical\" href=\"https:\/\/www.sakerhetsforetagen.se\/2025\/05\/27\/sakerhetsforetagen-deltar-i-almedalen\/\" \/>\n<meta property=\"og:locale\" content=\"sv_SE\" \/>\n<meta property=\"og:type\" content=\"article\" \/>\n<meta property=\"og:title\" content=\"S\u00e4kerhetsf\u00f6retagen deltar i Almedalen - S\u00e4kerhetsf\u00f6retagen\" \/>\n<meta property=\"og:description\" content=\"H\u00e4r m\u00f6ts Sveriges ledande akt\u00f6rer inom trygghet, s\u00e4kerhet och beredskap f\u00f6r att lyfta viktiga perspektiv och diskutera v\u00e4gar fram\u00e5t. Bakom arrangemanget st\u00e5r S\u00e4kerhetsf\u00f6retagen tillsammans med SSF St\u00f6ldskyddsf\u00f6reningen, S\u00e4kerhetsbranschen, Brandskyddsf\u00f6reningen, Stiftelsen Tryggare Sverige, F\u00f6retagsuniversitetet, Folk och &hellip;\" \/>\n<meta property=\"og:url\" content=\"https:\/\/www.sakerhetsforetagen.se\/2025\/05\/27\/sakerhetsforetagen-deltar-i-almedalen\/\" \/>\n<meta property=\"og:site_name\" content=\"S\u00e4kerhetsf\u00f6retagen\" \/>\n<meta property=\"article:published_time\" content=\"2025-05-27T07:21:42+00:00\" \/>\n<meta property=\"article:modified_time\" content=\"2025-05-27T07:23:13+00:00\" \/>\n<meta property=\"og:image\" content=\"https:\/\/www.sakerhetsforetagen.se\/app\/uploads\/sites\/11\/2025\/05\/Skarmbild-2025-05-27-092232.png\" \/>\n\t<meta property=\"og:image:width\" content=\"785\" \/>\n\t<meta property=\"og:image:height\" content=\"509\" \/>\n\t<meta property=\"og:image:type\" content=\"image\/png\" \/>\n<meta name=\"author\" content=\"Pontus Lindstr\u00f6m\" \/>\n<meta name=\"twitter:card\" content=\"summary_large_image\" \/>\n<meta name=\"twitter:label1\" content=\"Skriven av\" \/>\n\t<meta name=\"twitter:data1\" content=\"Pontus Lindstr\u00f6m\" \/>\n\t<meta name=\"twitter:label2\" content=\"Ber\u00e4knad l\u00e4stid\" \/>\n\t<meta name=\"twitter:data2\" content=\"1 minut\" \/>\n<!-- \/ Yoast SEO plugin. -->","yoast_head_json":{"title":"S\u00e4kerhetsf\u00f6retagen deltar i Almedalen - S\u00e4kerhetsf\u00f6retagen","robots":{"index":"index","follow":"follow","max-snippet":"max-snippet:-1","max-image-preview":"max-image-preview:large","max-video-preview":"max-video-preview:-1"},"canonical":"https:\/\/www.sakerhetsforetagen.se\/2025\/05\/27\/sakerhetsforetagen-deltar-i-almedalen\/","og_locale":"sv_SE","og_type":"article","og_title":"S\u00e4kerhetsf\u00f6retagen deltar i Almedalen - S\u00e4kerhetsf\u00f6retagen","og_description":"H\u00e4r m\u00f6ts Sveriges ledande akt\u00f6rer inom trygghet, s\u00e4kerhet och beredskap f\u00f6r att lyfta viktiga perspektiv och diskutera v\u00e4gar fram\u00e5t. Bakom arrangemanget st\u00e5r S\u00e4kerhetsf\u00f6retagen tillsammans med SSF St\u00f6ldskyddsf\u00f6reningen, S\u00e4kerhetsbranschen, Brandskyddsf\u00f6reningen, Stiftelsen Tryggare Sverige, F\u00f6retagsuniversitetet, Folk och &hellip;","og_url":"https:\/\/www.sakerhetsforetagen.se\/2025\/05\/27\/sakerhetsforetagen-deltar-i-almedalen\/","og_site_name":"S\u00e4kerhetsf\u00f6retagen","article_published_time":"2025-05-27T07:21:42+00:00","article_modified_time":"2025-05-27T07:23:13+00:00","og_image":[{"width":785,"height":509,"url":"https:\/\/www.sakerhetsforetagen.se\/app\/uploads\/sites\/11\/2025\/05\/Skarmbild-2025-05-27-092232.png","type":"image\/png"}],"author":"Pontus Lindstr\u00f6m","twitter_card":"summary_large_image","twitter_misc":{"Skriven av":"Pontus Lindstr\u00f6m","Ber\u00e4knad l\u00e4stid":"1 minut"},"schema":{"@context":"https:\/\/schema.org","@graph":[{"@type":"Article","@id":"https:\/\/www.sakerhetsforetagen.se\/2025\/05\/27\/sakerhetsforetagen-deltar-i-almedalen\/#article","isPartOf":{"@id":"https:\/\/www.sakerhetsforetagen.se\/2025\/05\/27\/sakerhetsforetagen-deltar-i-almedalen\/"},"author":{"name":"Pontus Lindstr\u00f6m","@id":"https:\/\/www.sakerhetsforetagen.se\/#\/schema\/person\/b8fb1f06c5873724408d7b84a9413c10"},"headline":"S\u00e4kerhets&shy;f\u00f6retagen deltar i Almedalen","datePublished":"2025-05-27T07:21:42+00:00","dateModified":"2025-05-27T07:23:13+00:00","mainEntityOfPage":{"@id":"https:\/\/www.sakerhetsforetagen.se\/2025\/05\/27\/sakerhetsforetagen-deltar-i-almedalen\/"},"wordCount":80,"commentCount":0,"image":{"@id":"https:\/\/www.sakerhetsforetagen.se\/2025\/05\/27\/sakerhetsforetagen-deltar-i-almedalen\/#primaryimage"},"thumbnailUrl":"https:\/\/www.sakerhetsforetagen.se\/app\/uploads\/sites\/11\/2025\/05\/Skarmbild-2025-05-27-092232.png","articleSection":["Aktuellt"],"inLanguage":"sv-SE","potentialAction":[{"@type":"CommentAction","name":"Comment","target":["https:\/\/www.sakerhetsforetagen.se\/2025\/05\/27\/sakerhetsforetagen-deltar-i-almedalen\/#respond"]}]},{"@type":"WebPage","@id":"https:\/\/www.sakerhetsforetagen.se\/2025\/05\/27\/sakerhetsforetagen-deltar-i-almedalen\/","url":"https:\/\/www.sakerhetsforetagen.se\/2025\/05\/27\/sakerhetsforetagen-deltar-i-almedalen\/","name":"S\u00e4kerhetsf\u00f6retagen deltar i Almedalen - S\u00e4kerhetsf\u00f6retagen","isPartOf":{"@id":"https:\/\/www.sakerhetsforetagen.se\/#website"},"primaryImageOfPage":{"@id":"https:\/\/www.sakerhetsforetagen.se\/2025\/05\/27\/sakerhetsforetagen-deltar-i-almedalen\/#primaryimage"},"image":{"@id":"https:\/\/www.sakerhetsforetagen.se\/2025\/05\/27\/sakerhetsforetagen-deltar-i-almedalen\/#primaryimage"},"thumbnailUrl":"https:\/\/www.sakerhetsforetagen.se\/app\/uploads\/sites\/11\/2025\/05\/Skarmbild-2025-05-27-092232.png","datePublished":"2025-05-27T07:21:42+00:00","dateModified":"2025-05-27T07:23:13+00:00","author":{"@id":"https:\/\/www.sakerhetsforetagen.se\/#\/schema\/person\/b8fb1f06c5873724408d7b84a9413c10"},"breadcrumb":{"@id":"https:\/\/www.sakerhetsforetagen.se\/2025\/05\/27\/sakerhetsforetagen-deltar-i-almedalen\/#breadcrumb"},"inLanguage":"sv-SE","potentialAction":[{"@type":"ReadAction","target":["https:\/\/www.sakerhetsforetagen.se\/2025\/05\/27\/sakerhetsforetagen-deltar-i-almedalen\/"]}]},{"@type":"ImageObject","inLanguage":"sv-SE","@id":"https:\/\/www.sakerhetsforetagen.se\/2025\/05\/27\/sakerhetsforetagen-deltar-i-almedalen\/#primaryimage","url":"https:\/\/www.sakerhetsforetagen.se\/app\/uploads\/sites\/11\/2025\/05\/Skarmbild-2025-05-27-092232.png","contentUrl":"https:\/\/www.sakerhetsforetagen.se\/app\/uploads\/sites\/11\/2025\/05\/Skarmbild-2025-05-27-092232.png","width":785,"height":509},{"@type":"BreadcrumbList","@id":"https:\/\/www.sakerhetsforetagen.se\/2025\/05\/27\/sakerhetsforetagen-deltar-i-almedalen\/#breadcrumb","itemListElement":[{"@type":"ListItem","position":1,"name":"Home","item":"https:\/\/www.sakerhetsforetagen.se\/"},{"@type":"ListItem","position":2,"name":"S\u00e4kerhets&shy;f\u00f6retagen deltar i Almedalen"}]},{"@type":"WebSite","@id":"https:\/\/www.sakerhetsforetagen.se\/#website","url":"https:\/\/www.sakerhetsforetagen.se\/","name":"S\u00e4kerhetsf\u00f6retagen","description":"","potentialAction":[{"@type":"SearchAction","target":{"@type":"EntryPoint","urlTemplate":"https:\/\/www.sakerhetsforetagen.se\/?s={search_term_string}"},"query-input":{"@type":"PropertyValueSpecification","valueRequired":true,"valueName":"search_term_string"}}],"inLanguage":"sv-SE"},{"@type":"Person","@id":"https:\/\/www.sakerhetsforetagen.se\/#\/schema\/person\/b8fb1f06c5873724408d7b84a9413c10","name":"Pontus Lindstr\u00f6m","image":{"@type":"ImageObject","inLanguage":"sv-SE","@id":"https:\/\/www.sakerhetsforetagen.se\/#\/schema\/person\/image\/","url":"https:\/\/secure.gravatar.com\/avatar\/632a95919c36ce5d60038328122952c88471e469f32339875062cf6161411ade?s=96&d=mm&r=g","contentUrl":"https:\/\/secure.gravatar.com\/avatar\/632a95919c36ce5d60038328122952c88471e469f32339875062cf6161411ade?s=96&d=mm&r=g","caption":"Pontus Lindstr\u00f6m"},"url":"https:\/\/www.sakerhetsforetagen.se\/person\/pontuslindstrom\/"}]}},"_links":{"self":[{"href":"https:\/\/www.sakerhetsforetagen.se\/api\/wp\/v2\/posts\/2184","targetHints":{"allow":["GET"]}}],"collection":[{"href":"https:\/\/www.sakerhetsforetagen.se\/api\/wp\/v2\/posts"}],"about":[{"href":"https:\/\/www.sakerhetsforetagen.se\/api\/wp\/v2\/types\/post"}],"author":[{"embeddable":true,"href":"https:\/\/www.sakerhetsforetagen.se\/api\/wp\/v2\/users\/18172"}],"replies":[{"embeddable":true,"href":"https:\/\/www.sakerhetsforetagen.se\/api\/wp\/v2\/comments?post=2184"}],"version-history":[{"count":1,"href":"https:\/\/www.sakerhetsforetagen.se\/api\/wp\/v2\/posts\/2184\/revisions"}],"predecessor-version":[{"id":2186,"href":"https:\/\/www.sakerhetsforetagen.se\/api\/wp\/v2\/posts\/2184\/revisions\/2186"}],"wp:featuredmedia":[{"embeddable":true,"href":"https:\/\/www.sakerhetsforetagen.se\/api\/wp\/v2\/media\/2187"}],"wp:attachment":[{"href":"https:\/\/www.sakerhetsforetagen.se\/api\/wp\/v2\/media?parent=2184"}],"wp:term":[{"taxonomy":"category","embeddable":true,"href":"https:\/\/www.sakerhetsforetagen.se\/api\/wp\/v2\/categories?post=2184"},{"taxonomy":"post_tag","embeddable":true,"href":"https:\/\/www.sakerhetsforetagen.se\/api\/wp\/v2\/tags?post=2184"},{"taxonomy":"type","embeddable":true,"href":"https:\/\/www.sakerhetsforetagen.se\/api\/wp\/v2\/article_type?post=2184"},{"taxonomy":"agreement","embeddable":true,"href":"https:\/\/www.sakerhetsforetagen.se\/api\/wp\/v2\/agreement?post=2184"},{"taxonomy":"for-members","embeddable":true,"href":"https:\/\/www.sakerhetsforetagen.se\/api\/wp\/v2\/for-members?post=2184"}],"curies":[{"name":"wp","href":"https:\/\/api.w.org\/{rel}","templated":true}]}}