{"id":2178,"date":"2025-05-20T13:57:11","date_gmt":"2025-05-20T11:57:11","guid":{"rendered":"https:\/\/www.sakerhetsforetagen.se\/?p=2178"},"modified":"2025-05-20T13:57:12","modified_gmt":"2025-05-20T11:57:12","slug":"ny-styrelse-vald-i-sakerhetsforetagen-2","status":"publish","type":"post","link":"https:\/\/www.sakerhetsforetagen.se\/2025\/05\/20\/ny-styrelse-vald-i-sakerhetsforetagen-2\/","title":{"rendered":"Ny styrelse vald i S\u00e4kerhets&shy;f\u00f6retagen"},"content":{"rendered":"<p class=\"intro\">P\u00e5 S\u00e4kerhetsf\u00f6retagens f\u00f6reningsst\u00e4mma den 20 maj valdes en ny styrelse f\u00f6r kommande verksamhets\u00e5r.<\/p>\n\n<p>S\u00e4kerhetsf\u00f6retagens nya styrelse h\u00e5lls fortsatt samman av\u00a0<strong>Joachim K\u00e4llsholm<\/strong> som blev omvald som styrelseordf\u00f6rande f\u00f6r ytterligare ett \u00e5r.\u00a0<strong>Jonas Lindstr\u00f6m<\/strong> valdes till vice ordf\u00f6rande. <\/p>\n\n\n\n<p>Nya ansikten i styrelsen \u00e4r <strong>Nina Wenning<\/strong>, vd Bankomat AB och <strong>Gustaf Broman<\/strong>, vd Sistec AB.<br><br>S\u00e4kerhetsf\u00f6retagens nya styrelse best\u00e5r d\u00e4rmed av:<\/p>\n\n\n\n<ul class=\"wp-block-list\">\n<li><strong>Joachim K\u00e4llsholm<\/strong>, ordf\u00f6rande, DLL Konsult och S\u00e4kerhet<\/li>\n\n\n\n<li><strong>Jonas Lindstr\u00f6m<\/strong>, vice ordf\u00f6rande, Verisure Sverige AB<\/li>\n\n\n\n<li><strong>Mats B Adman<\/strong>, Rapid S\u00e4kerhet AB<\/li>\n\n\n\n<li><strong>Patrick Svensson<\/strong>, Cubsec AB<\/li>\n\n\n\n<li><strong>David Larsson<\/strong>, Avarn Security AB<\/li>\n\n\n\n<li><strong>Bjarne Sj\u00f6beck<\/strong>, Sydsec Bevakning AB<\/li>\n\n\n\n<li><strong>Karin St\u00e5lhandske<\/strong>, Loomis Sverige AB<\/li>\n\n\n\n<li><strong>Marcus Nilsson<\/strong>, Bevakningsskydd i H\u00e4ssleholm AB<\/li>\n\n\n\n<li><strong>Cristina Petrescu<\/strong>, Securitas Sverige AB<\/li>\n\n\n\n<li><strong>Patricia Wallin Granhagen<\/strong>, Falu P AB<\/li>\n\n\n\n<li><strong>Nina Wenning<\/strong>, Bankomat AB<\/li>\n\n\n\n<li><strong>Gustaf Broman<\/strong>, Sistec AB<\/li>\n\n\n\n<li><strong>Richard Org\u00e5rd<\/strong>, f\u00f6rbundsdirekt\u00f6r, S\u00e4kerhetsf\u00f6retagen<\/li>\n<\/ul>\n\n\n\n<p>Den avg\u00e5ende ledamoten\u00a0<strong>Saad Hisnawi<\/strong>\u00a0fr\u00e5n APCOA Parkering Sverige AB tackades ocks\u00e5 f\u00f6r sina insatser f\u00f6r branschen.<\/p>\n","protected":false},"excerpt":{"rendered":"<p>S\u00e4kerhetsf\u00f6retagens nya styrelse h\u00e5lls fortsatt samman av\u00a0Joachim K\u00e4llsholm som blev omvald som styrelseordf\u00f6rande f\u00f6r ytterligare ett \u00e5r.\u00a0Jonas Lindstr\u00f6m valdes till vice ordf\u00f6rande. Nya ansikten i styrelsen \u00e4r Nina Wenning, vd Bankomat AB och Gustaf Broman, &hellip;<\/p>\n","protected":false},"author":18172,"featured_media":2179,"comment_status":"open","ping_status":"open","sticky":false,"template":"","format":"standard","meta":{"_acf_changed":false,"footnotes":""},"categories":[155],"tags":[],"article_type":[],"agreement":[],"for-members":[],"class_list":["post-2178","post","type-post","status-publish","format-standard","has-post-thumbnail","hentry","category-aktuellt"],"acf":[],"yoast_head":"<!-- This site is optimized with the Yoast SEO plugin v26.8 - https:\/\/yoast.com\/product\/yoast-seo-wordpress\/ -->\n<title>Ny styrelse vald i S\u00e4kerhetsf\u00f6retagen - S\u00e4kerhetsf\u00f6retagen<\/title>\n<meta name=\"robots\" content=\"index, follow, max-snippet:-1, max-image-preview:large, max-video-preview:-1\" \/>\n<link rel=\"canonical\" href=\"https:\/\/www.sakerhetsforetagen.se\/2025\/05\/20\/ny-styrelse-vald-i-sakerhetsforetagen-2\/\" \/>\n<meta property=\"og:locale\" content=\"sv_SE\" \/>\n<meta property=\"og:type\" content=\"article\" \/>\n<meta property=\"og:title\" content=\"Ny styrelse vald i S\u00e4kerhetsf\u00f6retagen - S\u00e4kerhetsf\u00f6retagen\" \/>\n<meta property=\"og:description\" content=\"S\u00e4kerhetsf\u00f6retagens nya styrelse h\u00e5lls fortsatt samman av\u00a0Joachim K\u00e4llsholm som blev omvald som styrelseordf\u00f6rande f\u00f6r ytterligare ett \u00e5r.\u00a0Jonas Lindstr\u00f6m valdes till vice ordf\u00f6rande. Nya ansikten i styrelsen \u00e4r Nina Wenning, vd Bankomat AB och Gustaf Broman, &hellip;\" \/>\n<meta property=\"og:url\" content=\"https:\/\/www.sakerhetsforetagen.se\/2025\/05\/20\/ny-styrelse-vald-i-sakerhetsforetagen-2\/\" \/>\n<meta property=\"og:site_name\" content=\"S\u00e4kerhetsf\u00f6retagen\" \/>\n<meta property=\"article:published_time\" content=\"2025-05-20T11:57:11+00:00\" \/>\n<meta property=\"article:modified_time\" content=\"2025-05-20T11:57:12+00:00\" \/>\n<meta property=\"og:image\" content=\"https:\/\/www.sakerhetsforetagen.se\/app\/uploads\/sites\/11\/2025\/05\/Skarmbild-2025-05-20-134348.png\" \/>\n\t<meta property=\"og:image:width\" content=\"1806\" \/>\n\t<meta property=\"og:image:height\" content=\"1015\" \/>\n\t<meta property=\"og:image:type\" content=\"image\/png\" \/>\n<meta name=\"author\" content=\"Pontus Lindstr\u00f6m\" \/>\n<meta name=\"twitter:card\" content=\"summary_large_image\" \/>\n<meta name=\"twitter:label1\" content=\"Skriven av\" \/>\n\t<meta name=\"twitter:data1\" content=\"Pontus Lindstr\u00f6m\" \/>\n\t<meta name=\"twitter:label2\" content=\"Ber\u00e4knad l\u00e4stid\" \/>\n\t<meta name=\"twitter:data2\" content=\"1 minut\" \/>\n<!-- \/ Yoast SEO plugin. -->","yoast_head_json":{"title":"Ny styrelse vald i S\u00e4kerhetsf\u00f6retagen - S\u00e4kerhetsf\u00f6retagen","robots":{"index":"index","follow":"follow","max-snippet":"max-snippet:-1","max-image-preview":"max-image-preview:large","max-video-preview":"max-video-preview:-1"},"canonical":"https:\/\/www.sakerhetsforetagen.se\/2025\/05\/20\/ny-styrelse-vald-i-sakerhetsforetagen-2\/","og_locale":"sv_SE","og_type":"article","og_title":"Ny styrelse vald i S\u00e4kerhetsf\u00f6retagen - S\u00e4kerhetsf\u00f6retagen","og_description":"S\u00e4kerhetsf\u00f6retagens nya styrelse h\u00e5lls fortsatt samman av\u00a0Joachim K\u00e4llsholm som blev omvald som styrelseordf\u00f6rande f\u00f6r ytterligare ett \u00e5r.\u00a0Jonas Lindstr\u00f6m valdes till vice ordf\u00f6rande. Nya ansikten i styrelsen \u00e4r Nina Wenning, vd Bankomat AB och Gustaf Broman, &hellip;","og_url":"https:\/\/www.sakerhetsforetagen.se\/2025\/05\/20\/ny-styrelse-vald-i-sakerhetsforetagen-2\/","og_site_name":"S\u00e4kerhetsf\u00f6retagen","article_published_time":"2025-05-20T11:57:11+00:00","article_modified_time":"2025-05-20T11:57:12+00:00","og_image":[{"width":1806,"height":1015,"url":"https:\/\/www.sakerhetsforetagen.se\/app\/uploads\/sites\/11\/2025\/05\/Skarmbild-2025-05-20-134348.png","type":"image\/png"}],"author":"Pontus Lindstr\u00f6m","twitter_card":"summary_large_image","twitter_misc":{"Skriven av":"Pontus Lindstr\u00f6m","Ber\u00e4knad l\u00e4stid":"1 minut"},"schema":{"@context":"https:\/\/schema.org","@graph":[{"@type":"Article","@id":"https:\/\/www.sakerhetsforetagen.se\/2025\/05\/20\/ny-styrelse-vald-i-sakerhetsforetagen-2\/#article","isPartOf":{"@id":"https:\/\/www.sakerhetsforetagen.se\/2025\/05\/20\/ny-styrelse-vald-i-sakerhetsforetagen-2\/"},"author":{"name":"Pontus Lindstr\u00f6m","@id":"https:\/\/www.sakerhetsforetagen.se\/#\/schema\/person\/b8fb1f06c5873724408d7b84a9413c10"},"headline":"Ny styrelse vald i S\u00e4kerhets&shy;f\u00f6retagen","datePublished":"2025-05-20T11:57:11+00:00","dateModified":"2025-05-20T11:57:12+00:00","mainEntityOfPage":{"@id":"https:\/\/www.sakerhetsforetagen.se\/2025\/05\/20\/ny-styrelse-vald-i-sakerhetsforetagen-2\/"},"wordCount":168,"commentCount":0,"image":{"@id":"https:\/\/www.sakerhetsforetagen.se\/2025\/05\/20\/ny-styrelse-vald-i-sakerhetsforetagen-2\/#primaryimage"},"thumbnailUrl":"https:\/\/www.sakerhetsforetagen.se\/app\/uploads\/sites\/11\/2025\/05\/Skarmbild-2025-05-20-134348.png","articleSection":["Aktuellt"],"inLanguage":"sv-SE","potentialAction":[{"@type":"CommentAction","name":"Comment","target":["https:\/\/www.sakerhetsforetagen.se\/2025\/05\/20\/ny-styrelse-vald-i-sakerhetsforetagen-2\/#respond"]}]},{"@type":"WebPage","@id":"https:\/\/www.sakerhetsforetagen.se\/2025\/05\/20\/ny-styrelse-vald-i-sakerhetsforetagen-2\/","url":"https:\/\/www.sakerhetsforetagen.se\/2025\/05\/20\/ny-styrelse-vald-i-sakerhetsforetagen-2\/","name":"Ny styrelse vald i S\u00e4kerhetsf\u00f6retagen - S\u00e4kerhetsf\u00f6retagen","isPartOf":{"@id":"https:\/\/www.sakerhetsforetagen.se\/#website"},"primaryImageOfPage":{"@id":"https:\/\/www.sakerhetsforetagen.se\/2025\/05\/20\/ny-styrelse-vald-i-sakerhetsforetagen-2\/#primaryimage"},"image":{"@id":"https:\/\/www.sakerhetsforetagen.se\/2025\/05\/20\/ny-styrelse-vald-i-sakerhetsforetagen-2\/#primaryimage"},"thumbnailUrl":"https:\/\/www.sakerhetsforetagen.se\/app\/uploads\/sites\/11\/2025\/05\/Skarmbild-2025-05-20-134348.png","datePublished":"2025-05-20T11:57:11+00:00","dateModified":"2025-05-20T11:57:12+00:00","author":{"@id":"https:\/\/www.sakerhetsforetagen.se\/#\/schema\/person\/b8fb1f06c5873724408d7b84a9413c10"},"breadcrumb":{"@id":"https:\/\/www.sakerhetsforetagen.se\/2025\/05\/20\/ny-styrelse-vald-i-sakerhetsforetagen-2\/#breadcrumb"},"inLanguage":"sv-SE","potentialAction":[{"@type":"ReadAction","target":["https:\/\/www.sakerhetsforetagen.se\/2025\/05\/20\/ny-styrelse-vald-i-sakerhetsforetagen-2\/"]}]},{"@type":"ImageObject","inLanguage":"sv-SE","@id":"https:\/\/www.sakerhetsforetagen.se\/2025\/05\/20\/ny-styrelse-vald-i-sakerhetsforetagen-2\/#primaryimage","url":"https:\/\/www.sakerhetsforetagen.se\/app\/uploads\/sites\/11\/2025\/05\/Skarmbild-2025-05-20-134348.png","contentUrl":"https:\/\/www.sakerhetsforetagen.se\/app\/uploads\/sites\/11\/2025\/05\/Skarmbild-2025-05-20-134348.png","width":1806,"height":1015,"caption":"Gustaf Broman, vd Sistec AB och Nina Wenning, vd Bankomat AB."},{"@type":"BreadcrumbList","@id":"https:\/\/www.sakerhetsforetagen.se\/2025\/05\/20\/ny-styrelse-vald-i-sakerhetsforetagen-2\/#breadcrumb","itemListElement":[{"@type":"ListItem","position":1,"name":"Home","item":"https:\/\/www.sakerhetsforetagen.se\/"},{"@type":"ListItem","position":2,"name":"Ny styrelse vald i S\u00e4kerhets&shy;f\u00f6retagen"}]},{"@type":"WebSite","@id":"https:\/\/www.sakerhetsforetagen.se\/#website","url":"https:\/\/www.sakerhetsforetagen.se\/","name":"S\u00e4kerhetsf\u00f6retagen","description":"","potentialAction":[{"@type":"SearchAction","target":{"@type":"EntryPoint","urlTemplate":"https:\/\/www.sakerhetsforetagen.se\/?s={search_term_string}"},"query-input":{"@type":"PropertyValueSpecification","valueRequired":true,"valueName":"search_term_string"}}],"inLanguage":"sv-SE"},{"@type":"Person","@id":"https:\/\/www.sakerhetsforetagen.se\/#\/schema\/person\/b8fb1f06c5873724408d7b84a9413c10","name":"Pontus Lindstr\u00f6m","image":{"@type":"ImageObject","inLanguage":"sv-SE","@id":"https:\/\/www.sakerhetsforetagen.se\/#\/schema\/person\/image\/","url":"https:\/\/secure.gravatar.com\/avatar\/632a95919c36ce5d60038328122952c88471e469f32339875062cf6161411ade?s=96&d=mm&r=g","contentUrl":"https:\/\/secure.gravatar.com\/avatar\/632a95919c36ce5d60038328122952c88471e469f32339875062cf6161411ade?s=96&d=mm&r=g","caption":"Pontus Lindstr\u00f6m"},"url":"https:\/\/www.sakerhetsforetagen.se\/person\/pontuslindstrom\/"}]}},"_links":{"self":[{"href":"https:\/\/www.sakerhetsforetagen.se\/api\/wp\/v2\/posts\/2178","targetHints":{"allow":["GET"]}}],"collection":[{"href":"https:\/\/www.sakerhetsforetagen.se\/api\/wp\/v2\/posts"}],"about":[{"href":"https:\/\/www.sakerhetsforetagen.se\/api\/wp\/v2\/types\/post"}],"author":[{"embeddable":true,"href":"https:\/\/www.sakerhetsforetagen.se\/api\/wp\/v2\/users\/18172"}],"replies":[{"embeddable":true,"href":"https:\/\/www.sakerhetsforetagen.se\/api\/wp\/v2\/comments?post=2178"}],"version-history":[{"count":3,"href":"https:\/\/www.sakerhetsforetagen.se\/api\/wp\/v2\/posts\/2178\/revisions"}],"predecessor-version":[{"id":2182,"href":"https:\/\/www.sakerhetsforetagen.se\/api\/wp\/v2\/posts\/2178\/revisions\/2182"}],"wp:featuredmedia":[{"embeddable":true,"href":"https:\/\/www.sakerhetsforetagen.se\/api\/wp\/v2\/media\/2179"}],"wp:attachment":[{"href":"https:\/\/www.sakerhetsforetagen.se\/api\/wp\/v2\/media?parent=2178"}],"wp:term":[{"taxonomy":"category","embeddable":true,"href":"https:\/\/www.sakerhetsforetagen.se\/api\/wp\/v2\/categories?post=2178"},{"taxonomy":"post_tag","embeddable":true,"href":"https:\/\/www.sakerhetsforetagen.se\/api\/wp\/v2\/tags?post=2178"},{"taxonomy":"type","embeddable":true,"href":"https:\/\/www.sakerhetsforetagen.se\/api\/wp\/v2\/article_type?post=2178"},{"taxonomy":"agreement","embeddable":true,"href":"https:\/\/www.sakerhetsforetagen.se\/api\/wp\/v2\/agreement?post=2178"},{"taxonomy":"for-members","embeddable":true,"href":"https:\/\/www.sakerhetsforetagen.se\/api\/wp\/v2\/for-members?post=2178"}],"curies":[{"name":"wp","href":"https:\/\/api.w.org\/{rel}","templated":true}]}}