{"id":2164,"date":"2025-05-08T13:19:25","date_gmt":"2025-05-08T11:19:25","guid":{"rendered":"https:\/\/www.sakerhetsforetagen.se\/?p=2164"},"modified":"2025-05-08T13:21:08","modified_gmt":"2025-05-08T11:21:08","slug":"sakerhetsforetagen-tecknar-nya-tjanstemannaavtal","status":"publish","type":"post","link":"https:\/\/www.sakerhetsforetagen.se\/2025\/05\/08\/sakerhetsforetagen-tecknar-nya-tjanstemannaavtal\/","title":{"rendered":"S\u00e4kerhets&shy;f\u00f6retagen tecknar nytt tj\u00e4nstemannaavtal"},"content":{"rendered":"<p class=\"intro\"><strong>S\u00e4kerhetsf\u00f6retagen har tecknat nytt kollektivavtal p\u00e5 tj\u00e4nstemannaomr\u00e5det med fackf\u00f6rbunden Ledarna och Unionen.<\/strong><\/p>\n\n<p>\u2013 Det \u00e4r gl\u00e4djande att vi tillsammans kunnat n\u00e5 ytterligare ett avtal inom m\u00e4rket. F\u00f6rhandlingarna har var konstruktiva och resulterat branschanpassade villkor som fungerar f\u00f6r s\u00e5v\u00e4l tj\u00e4nstem\u00e4nnen som arbetsgivarna, s\u00e4ger Mia B\u00e4ckman, S\u00e4kerhetsf\u00f6retagens f\u00f6rhandlingsledare p\u00e5 avtalsomr\u00e5det.<\/p>\n\n\n\n<p>De nya avtalen str\u00e4cker sig \u00f6ver 24 m\u00e5nader och har en total kostnadsram om 6,4 procent.<\/p>\n\n\n\n<p><a href=\"https:\/\/www.almega.se\/2025\/05\/nytt-kollektivavtal-mellan-sakerhetsforetagen-unionen-och-ledarna\/?key=79245#msdynmkt_trackingcontext=574507db-0277-4e76-8c4d-ad36f3380200\">L\u00e4s mer om det nya avtalen h\u00e4r.<\/a><\/p>\n\n\n\n<p><\/p>\n","protected":false},"excerpt":{"rendered":"<p>\u2013 Det \u00e4r gl\u00e4djande att vi tillsammans kunnat n\u00e5 ytterligare ett avtal inom m\u00e4rket. F\u00f6rhandlingarna har var konstruktiva och resulterat branschanpassade villkor som fungerar f\u00f6r s\u00e5v\u00e4l tj\u00e4nstem\u00e4nnen som arbetsgivarna, s\u00e4ger Mia B\u00e4ckman, S\u00e4kerhetsf\u00f6retagens f\u00f6rhandlingsledare p\u00e5 &hellip;<\/p>\n","protected":false},"author":18172,"featured_media":2165,"comment_status":"open","ping_status":"open","sticky":false,"template":"","format":"standard","meta":{"_acf_changed":false,"footnotes":""},"categories":[155],"tags":[],"article_type":[],"agreement":[],"for-members":[],"class_list":["post-2164","post","type-post","status-publish","format-standard","has-post-thumbnail","hentry","category-aktuellt"],"acf":[],"yoast_head":"<!-- This site is optimized with the Yoast SEO plugin v26.8 - https:\/\/yoast.com\/product\/yoast-seo-wordpress\/ -->\n<title>S\u00e4kerhetsf\u00f6retagen tecknar nytt tj\u00e4nstemannaavtal - S\u00e4kerhetsf\u00f6retagen<\/title>\n<meta name=\"robots\" content=\"index, follow, max-snippet:-1, max-image-preview:large, max-video-preview:-1\" \/>\n<link rel=\"canonical\" href=\"https:\/\/www.sakerhetsforetagen.se\/2025\/05\/08\/sakerhetsforetagen-tecknar-nya-tjanstemannaavtal\/\" \/>\n<meta property=\"og:locale\" content=\"sv_SE\" \/>\n<meta property=\"og:type\" content=\"article\" \/>\n<meta property=\"og:title\" content=\"S\u00e4kerhetsf\u00f6retagen tecknar nytt tj\u00e4nstemannaavtal - S\u00e4kerhetsf\u00f6retagen\" \/>\n<meta property=\"og:description\" content=\"\u2013 Det \u00e4r gl\u00e4djande att vi tillsammans kunnat n\u00e5 ytterligare ett avtal inom m\u00e4rket. F\u00f6rhandlingarna har var konstruktiva och resulterat branschanpassade villkor som fungerar f\u00f6r s\u00e5v\u00e4l tj\u00e4nstem\u00e4nnen som arbetsgivarna, s\u00e4ger Mia B\u00e4ckman, S\u00e4kerhetsf\u00f6retagens f\u00f6rhandlingsledare p\u00e5 &hellip;\" \/>\n<meta property=\"og:url\" content=\"https:\/\/www.sakerhetsforetagen.se\/2025\/05\/08\/sakerhetsforetagen-tecknar-nya-tjanstemannaavtal\/\" \/>\n<meta property=\"og:site_name\" content=\"S\u00e4kerhetsf\u00f6retagen\" \/>\n<meta property=\"article:published_time\" content=\"2025-05-08T11:19:25+00:00\" \/>\n<meta property=\"article:modified_time\" content=\"2025-05-08T11:21:08+00:00\" \/>\n<meta property=\"og:image\" content=\"https:\/\/www.sakerhetsforetagen.se\/app\/uploads\/sites\/11\/2025\/05\/513ad38a-a612-456d-883f-6e162ef29aa5-scaled.jpg\" \/>\n\t<meta property=\"og:image:width\" content=\"2560\" \/>\n\t<meta property=\"og:image:height\" content=\"1643\" \/>\n\t<meta property=\"og:image:type\" content=\"image\/jpeg\" \/>\n<meta name=\"author\" content=\"Pontus Lindstr\u00f6m\" \/>\n<meta name=\"twitter:card\" content=\"summary_large_image\" \/>\n<meta name=\"twitter:label1\" content=\"Skriven av\" \/>\n\t<meta name=\"twitter:data1\" content=\"Pontus Lindstr\u00f6m\" \/>\n\t<meta name=\"twitter:label2\" content=\"Ber\u00e4knad l\u00e4stid\" \/>\n\t<meta name=\"twitter:data2\" content=\"1 minut\" \/>\n<!-- \/ Yoast SEO plugin. -->","yoast_head_json":{"title":"S\u00e4kerhetsf\u00f6retagen tecknar nytt tj\u00e4nstemannaavtal - S\u00e4kerhetsf\u00f6retagen","robots":{"index":"index","follow":"follow","max-snippet":"max-snippet:-1","max-image-preview":"max-image-preview:large","max-video-preview":"max-video-preview:-1"},"canonical":"https:\/\/www.sakerhetsforetagen.se\/2025\/05\/08\/sakerhetsforetagen-tecknar-nya-tjanstemannaavtal\/","og_locale":"sv_SE","og_type":"article","og_title":"S\u00e4kerhetsf\u00f6retagen tecknar nytt tj\u00e4nstemannaavtal - S\u00e4kerhetsf\u00f6retagen","og_description":"\u2013 Det \u00e4r gl\u00e4djande att vi tillsammans kunnat n\u00e5 ytterligare ett avtal inom m\u00e4rket. F\u00f6rhandlingarna har var konstruktiva och resulterat branschanpassade villkor som fungerar f\u00f6r s\u00e5v\u00e4l tj\u00e4nstem\u00e4nnen som arbetsgivarna, s\u00e4ger Mia B\u00e4ckman, S\u00e4kerhetsf\u00f6retagens f\u00f6rhandlingsledare p\u00e5 &hellip;","og_url":"https:\/\/www.sakerhetsforetagen.se\/2025\/05\/08\/sakerhetsforetagen-tecknar-nya-tjanstemannaavtal\/","og_site_name":"S\u00e4kerhetsf\u00f6retagen","article_published_time":"2025-05-08T11:19:25+00:00","article_modified_time":"2025-05-08T11:21:08+00:00","og_image":[{"width":2560,"height":1643,"url":"https:\/\/www.sakerhetsforetagen.se\/app\/uploads\/sites\/11\/2025\/05\/513ad38a-a612-456d-883f-6e162ef29aa5-scaled.jpg","type":"image\/jpeg"}],"author":"Pontus Lindstr\u00f6m","twitter_card":"summary_large_image","twitter_misc":{"Skriven av":"Pontus Lindstr\u00f6m","Ber\u00e4knad l\u00e4stid":"1 minut"},"schema":{"@context":"https:\/\/schema.org","@graph":[{"@type":"Article","@id":"https:\/\/www.sakerhetsforetagen.se\/2025\/05\/08\/sakerhetsforetagen-tecknar-nya-tjanstemannaavtal\/#article","isPartOf":{"@id":"https:\/\/www.sakerhetsforetagen.se\/2025\/05\/08\/sakerhetsforetagen-tecknar-nya-tjanstemannaavtal\/"},"author":{"name":"Pontus Lindstr\u00f6m","@id":"https:\/\/www.sakerhetsforetagen.se\/#\/schema\/person\/b8fb1f06c5873724408d7b84a9413c10"},"headline":"S\u00e4kerhets&shy;f\u00f6retagen tecknar nytt tj\u00e4nstemannaavtal","datePublished":"2025-05-08T11:19:25+00:00","dateModified":"2025-05-08T11:21:08+00:00","mainEntityOfPage":{"@id":"https:\/\/www.sakerhetsforetagen.se\/2025\/05\/08\/sakerhetsforetagen-tecknar-nya-tjanstemannaavtal\/"},"wordCount":81,"commentCount":0,"image":{"@id":"https:\/\/www.sakerhetsforetagen.se\/2025\/05\/08\/sakerhetsforetagen-tecknar-nya-tjanstemannaavtal\/#primaryimage"},"thumbnailUrl":"https:\/\/www.sakerhetsforetagen.se\/app\/uploads\/sites\/11\/2025\/05\/513ad38a-a612-456d-883f-6e162ef29aa5-scaled.jpg","articleSection":["Aktuellt"],"inLanguage":"sv-SE","potentialAction":[{"@type":"CommentAction","name":"Comment","target":["https:\/\/www.sakerhetsforetagen.se\/2025\/05\/08\/sakerhetsforetagen-tecknar-nya-tjanstemannaavtal\/#respond"]}]},{"@type":"WebPage","@id":"https:\/\/www.sakerhetsforetagen.se\/2025\/05\/08\/sakerhetsforetagen-tecknar-nya-tjanstemannaavtal\/","url":"https:\/\/www.sakerhetsforetagen.se\/2025\/05\/08\/sakerhetsforetagen-tecknar-nya-tjanstemannaavtal\/","name":"S\u00e4kerhetsf\u00f6retagen tecknar nytt tj\u00e4nstemannaavtal - S\u00e4kerhetsf\u00f6retagen","isPartOf":{"@id":"https:\/\/www.sakerhetsforetagen.se\/#website"},"primaryImageOfPage":{"@id":"https:\/\/www.sakerhetsforetagen.se\/2025\/05\/08\/sakerhetsforetagen-tecknar-nya-tjanstemannaavtal\/#primaryimage"},"image":{"@id":"https:\/\/www.sakerhetsforetagen.se\/2025\/05\/08\/sakerhetsforetagen-tecknar-nya-tjanstemannaavtal\/#primaryimage"},"thumbnailUrl":"https:\/\/www.sakerhetsforetagen.se\/app\/uploads\/sites\/11\/2025\/05\/513ad38a-a612-456d-883f-6e162ef29aa5-scaled.jpg","datePublished":"2025-05-08T11:19:25+00:00","dateModified":"2025-05-08T11:21:08+00:00","author":{"@id":"https:\/\/www.sakerhetsforetagen.se\/#\/schema\/person\/b8fb1f06c5873724408d7b84a9413c10"},"breadcrumb":{"@id":"https:\/\/www.sakerhetsforetagen.se\/2025\/05\/08\/sakerhetsforetagen-tecknar-nya-tjanstemannaavtal\/#breadcrumb"},"inLanguage":"sv-SE","potentialAction":[{"@type":"ReadAction","target":["https:\/\/www.sakerhetsforetagen.se\/2025\/05\/08\/sakerhetsforetagen-tecknar-nya-tjanstemannaavtal\/"]}]},{"@type":"ImageObject","inLanguage":"sv-SE","@id":"https:\/\/www.sakerhetsforetagen.se\/2025\/05\/08\/sakerhetsforetagen-tecknar-nya-tjanstemannaavtal\/#primaryimage","url":"https:\/\/www.sakerhetsforetagen.se\/app\/uploads\/sites\/11\/2025\/05\/513ad38a-a612-456d-883f-6e162ef29aa5-scaled.jpg","contentUrl":"https:\/\/www.sakerhetsforetagen.se\/app\/uploads\/sites\/11\/2025\/05\/513ad38a-a612-456d-883f-6e162ef29aa5-scaled.jpg","width":2560,"height":1643,"caption":"Mia B\u00e4ckman, f\u00f6rhandlingsledare, S\u00e4kerhetsf\u00f6retagen Foto: Gustav Kaiser"},{"@type":"BreadcrumbList","@id":"https:\/\/www.sakerhetsforetagen.se\/2025\/05\/08\/sakerhetsforetagen-tecknar-nya-tjanstemannaavtal\/#breadcrumb","itemListElement":[{"@type":"ListItem","position":1,"name":"Home","item":"https:\/\/www.sakerhetsforetagen.se\/"},{"@type":"ListItem","position":2,"name":"S\u00e4kerhets&shy;f\u00f6retagen tecknar nytt tj\u00e4nstemannaavtal"}]},{"@type":"WebSite","@id":"https:\/\/www.sakerhetsforetagen.se\/#website","url":"https:\/\/www.sakerhetsforetagen.se\/","name":"S\u00e4kerhetsf\u00f6retagen","description":"","potentialAction":[{"@type":"SearchAction","target":{"@type":"EntryPoint","urlTemplate":"https:\/\/www.sakerhetsforetagen.se\/?s={search_term_string}"},"query-input":{"@type":"PropertyValueSpecification","valueRequired":true,"valueName":"search_term_string"}}],"inLanguage":"sv-SE"},{"@type":"Person","@id":"https:\/\/www.sakerhetsforetagen.se\/#\/schema\/person\/b8fb1f06c5873724408d7b84a9413c10","name":"Pontus Lindstr\u00f6m","image":{"@type":"ImageObject","inLanguage":"sv-SE","@id":"https:\/\/www.sakerhetsforetagen.se\/#\/schema\/person\/image\/","url":"https:\/\/secure.gravatar.com\/avatar\/632a95919c36ce5d60038328122952c88471e469f32339875062cf6161411ade?s=96&d=mm&r=g","contentUrl":"https:\/\/secure.gravatar.com\/avatar\/632a95919c36ce5d60038328122952c88471e469f32339875062cf6161411ade?s=96&d=mm&r=g","caption":"Pontus Lindstr\u00f6m"},"url":"https:\/\/www.sakerhetsforetagen.se\/person\/pontuslindstrom\/"}]}},"_links":{"self":[{"href":"https:\/\/www.sakerhetsforetagen.se\/api\/wp\/v2\/posts\/2164","targetHints":{"allow":["GET"]}}],"collection":[{"href":"https:\/\/www.sakerhetsforetagen.se\/api\/wp\/v2\/posts"}],"about":[{"href":"https:\/\/www.sakerhetsforetagen.se\/api\/wp\/v2\/types\/post"}],"author":[{"embeddable":true,"href":"https:\/\/www.sakerhetsforetagen.se\/api\/wp\/v2\/users\/18172"}],"replies":[{"embeddable":true,"href":"https:\/\/www.sakerhetsforetagen.se\/api\/wp\/v2\/comments?post=2164"}],"version-history":[{"count":3,"href":"https:\/\/www.sakerhetsforetagen.se\/api\/wp\/v2\/posts\/2164\/revisions"}],"predecessor-version":[{"id":2168,"href":"https:\/\/www.sakerhetsforetagen.se\/api\/wp\/v2\/posts\/2164\/revisions\/2168"}],"wp:featuredmedia":[{"embeddable":true,"href":"https:\/\/www.sakerhetsforetagen.se\/api\/wp\/v2\/media\/2165"}],"wp:attachment":[{"href":"https:\/\/www.sakerhetsforetagen.se\/api\/wp\/v2\/media?parent=2164"}],"wp:term":[{"taxonomy":"category","embeddable":true,"href":"https:\/\/www.sakerhetsforetagen.se\/api\/wp\/v2\/categories?post=2164"},{"taxonomy":"post_tag","embeddable":true,"href":"https:\/\/www.sakerhetsforetagen.se\/api\/wp\/v2\/tags?post=2164"},{"taxonomy":"type","embeddable":true,"href":"https:\/\/www.sakerhetsforetagen.se\/api\/wp\/v2\/article_type?post=2164"},{"taxonomy":"agreement","embeddable":true,"href":"https:\/\/www.sakerhetsforetagen.se\/api\/wp\/v2\/agreement?post=2164"},{"taxonomy":"for-members","embeddable":true,"href":"https:\/\/www.sakerhetsforetagen.se\/api\/wp\/v2\/for-members?post=2164"}],"curies":[{"name":"wp","href":"https:\/\/api.w.org\/{rel}","templated":true}]}}