{"id":2002,"date":"2024-10-18T11:13:13","date_gmt":"2024-10-18T09:13:13","guid":{"rendered":"https:\/\/www.sakerhetsforetagen.se\/?p=2002"},"modified":"2024-10-18T11:25:59","modified_gmt":"2024-10-18T09:25:59","slug":"seminarium-med-rikspolischef-petra-lundh-17-10","status":"publish","type":"post","link":"https:\/\/www.sakerhetsforetagen.se\/2024\/10\/18\/seminarium-med-rikspolischef-petra-lundh-17-10\/","title":{"rendered":"Webb-tv: Seminarium med rikspolischef Petra Lundh"},"content":{"rendered":"<p class=\"intro\">S\u00e4kerhetsf\u00f6retagen bj\u00f6d in rikspolischef Petra Lundh 17 oktober 2024 till ett samtal om hur Sveriges f\u00f6retag p\u00e5verkas av kriminalitet och otrygghet.<\/p>\n\n<p class=\"has-normal-font-size\"><\/p>\n\n\n<figure class=\"wp-block-embed is-type-video is-provider-youtube wp-block-embed-youtube wp-embed-aspect-16-9 wp-has-aspect-ratio\">\n      \n        <iframe loading=\"lazy\" title=\"\" width=\"500\" height=\"281\" src=\"https:\/\/www.youtube-nocookie.com\/embed\/WofbDrNonUg?feature=oembed\" frameborder=\"0\" allow=\"accelerometer; autoplay; clipboard-write; encrypted-media; gyroscope; picture-in-picture; web-share\" referrerpolicy=\"strict-origin-when-cross-origin\" allowfullscreen><\/iframe>\n      \n    <\/figure>\n  \n\n\n<p>Medverkande: Petra Lundh, rikspolischef, Gustav Thenander, Skeptiva, Richard Org\u00e5rd, f\u00f6rbundsdirekt\u00f6r S\u00e4kerhetsf\u00f6retagen och Pontus Lindstr\u00f6m, n\u00e4ringspolitisk chef S\u00e4kerhetsf\u00f6retagen.<\/p>\n","protected":false},"excerpt":{"rendered":"<p>Medverkande: Petra Lundh, rikspolischef, Gustav Thenander, Skeptiva, Richard Org\u00e5rd, f\u00f6rbundsdirekt\u00f6r S\u00e4kerhetsf\u00f6retagen och Pontus Lindstr\u00f6m, n\u00e4ringspolitisk chef S\u00e4kerhetsf\u00f6retagen.<\/p>\n","protected":false},"author":18172,"featured_media":2003,"comment_status":"open","ping_status":"open","sticky":false,"template":"","format":"standard","meta":{"_acf_changed":false,"footnotes":""},"categories":[155],"tags":[],"article_type":[],"agreement":[],"for-members":[],"class_list":["post-2002","post","type-post","status-publish","format-standard","has-post-thumbnail","hentry","category-aktuellt"],"acf":[],"yoast_head":"<!-- This site is optimized with the Yoast SEO plugin v26.8 - https:\/\/yoast.com\/product\/yoast-seo-wordpress\/ -->\n<title>Webb-tv: Seminarium med rikspolischef Petra Lundh - S\u00e4kerhetsf\u00f6retagen<\/title>\n<meta name=\"robots\" content=\"index, follow, max-snippet:-1, max-image-preview:large, max-video-preview:-1\" \/>\n<link rel=\"canonical\" href=\"https:\/\/www.sakerhetsforetagen.se\/2024\/10\/18\/seminarium-med-rikspolischef-petra-lundh-17-10\/\" \/>\n<meta property=\"og:locale\" content=\"sv_SE\" \/>\n<meta property=\"og:type\" content=\"article\" \/>\n<meta property=\"og:title\" content=\"Webb-tv: Seminarium med rikspolischef Petra Lundh - S\u00e4kerhetsf\u00f6retagen\" \/>\n<meta property=\"og:description\" content=\"Medverkande: Petra Lundh, rikspolischef, Gustav Thenander, Skeptiva, Richard Org\u00e5rd, f\u00f6rbundsdirekt\u00f6r S\u00e4kerhetsf\u00f6retagen och Pontus Lindstr\u00f6m, n\u00e4ringspolitisk chef S\u00e4kerhetsf\u00f6retagen.\" \/>\n<meta property=\"og:url\" content=\"https:\/\/www.sakerhetsforetagen.se\/2024\/10\/18\/seminarium-med-rikspolischef-petra-lundh-17-10\/\" \/>\n<meta property=\"og:site_name\" content=\"S\u00e4kerhetsf\u00f6retagen\" \/>\n<meta property=\"article:published_time\" content=\"2024-10-18T09:13:13+00:00\" \/>\n<meta property=\"article:modified_time\" content=\"2024-10-18T09:25:59+00:00\" \/>\n<meta property=\"og:image\" content=\"https:\/\/www.sakerhetsforetagen.se\/app\/uploads\/sites\/11\/2024\/10\/1-scaled.jpg\" \/>\n\t<meta property=\"og:image:width\" content=\"2560\" \/>\n\t<meta property=\"og:image:height\" content=\"1269\" \/>\n\t<meta property=\"og:image:type\" content=\"image\/jpeg\" \/>\n<meta name=\"author\" content=\"Pontus Lindstr\u00f6m\" \/>\n<meta name=\"twitter:card\" content=\"summary_large_image\" \/>\n<meta name=\"twitter:label1\" content=\"Skriven av\" \/>\n\t<meta name=\"twitter:data1\" content=\"Pontus Lindstr\u00f6m\" \/>\n\t<meta name=\"twitter:label2\" content=\"Ber\u00e4knad l\u00e4stid\" \/>\n\t<meta name=\"twitter:data2\" content=\"1 minut\" \/>\n<!-- \/ Yoast SEO plugin. -->","yoast_head_json":{"title":"Webb-tv: Seminarium med rikspolischef Petra Lundh - S\u00e4kerhetsf\u00f6retagen","robots":{"index":"index","follow":"follow","max-snippet":"max-snippet:-1","max-image-preview":"max-image-preview:large","max-video-preview":"max-video-preview:-1"},"canonical":"https:\/\/www.sakerhetsforetagen.se\/2024\/10\/18\/seminarium-med-rikspolischef-petra-lundh-17-10\/","og_locale":"sv_SE","og_type":"article","og_title":"Webb-tv: Seminarium med rikspolischef Petra Lundh - S\u00e4kerhetsf\u00f6retagen","og_description":"Medverkande: Petra Lundh, rikspolischef, Gustav Thenander, Skeptiva, Richard Org\u00e5rd, f\u00f6rbundsdirekt\u00f6r S\u00e4kerhetsf\u00f6retagen och Pontus Lindstr\u00f6m, n\u00e4ringspolitisk chef S\u00e4kerhetsf\u00f6retagen.","og_url":"https:\/\/www.sakerhetsforetagen.se\/2024\/10\/18\/seminarium-med-rikspolischef-petra-lundh-17-10\/","og_site_name":"S\u00e4kerhetsf\u00f6retagen","article_published_time":"2024-10-18T09:13:13+00:00","article_modified_time":"2024-10-18T09:25:59+00:00","og_image":[{"width":2560,"height":1269,"url":"https:\/\/www.sakerhetsforetagen.se\/app\/uploads\/sites\/11\/2024\/10\/1-scaled.jpg","type":"image\/jpeg"}],"author":"Pontus Lindstr\u00f6m","twitter_card":"summary_large_image","twitter_misc":{"Skriven av":"Pontus Lindstr\u00f6m","Ber\u00e4knad l\u00e4stid":"1 minut"},"schema":{"@context":"https:\/\/schema.org","@graph":[{"@type":"Article","@id":"https:\/\/www.sakerhetsforetagen.se\/2024\/10\/18\/seminarium-med-rikspolischef-petra-lundh-17-10\/#article","isPartOf":{"@id":"https:\/\/www.sakerhetsforetagen.se\/2024\/10\/18\/seminarium-med-rikspolischef-petra-lundh-17-10\/"},"author":{"name":"Pontus Lindstr\u00f6m","@id":"https:\/\/www.sakerhetsforetagen.se\/#\/schema\/person\/b8fb1f06c5873724408d7b84a9413c10"},"headline":"Webb-tv: Seminarium med rikspolischef Petra Lundh","datePublished":"2024-10-18T09:13:13+00:00","dateModified":"2024-10-18T09:25:59+00:00","mainEntityOfPage":{"@id":"https:\/\/www.sakerhetsforetagen.se\/2024\/10\/18\/seminarium-med-rikspolischef-petra-lundh-17-10\/"},"wordCount":41,"commentCount":0,"image":{"@id":"https:\/\/www.sakerhetsforetagen.se\/2024\/10\/18\/seminarium-med-rikspolischef-petra-lundh-17-10\/#primaryimage"},"thumbnailUrl":"https:\/\/www.sakerhetsforetagen.se\/app\/uploads\/sites\/11\/2024\/10\/1-scaled.jpg","articleSection":["Aktuellt"],"inLanguage":"sv-SE","potentialAction":[{"@type":"CommentAction","name":"Comment","target":["https:\/\/www.sakerhetsforetagen.se\/2024\/10\/18\/seminarium-med-rikspolischef-petra-lundh-17-10\/#respond"]}]},{"@type":"WebPage","@id":"https:\/\/www.sakerhetsforetagen.se\/2024\/10\/18\/seminarium-med-rikspolischef-petra-lundh-17-10\/","url":"https:\/\/www.sakerhetsforetagen.se\/2024\/10\/18\/seminarium-med-rikspolischef-petra-lundh-17-10\/","name":"Webb-tv: Seminarium med rikspolischef Petra Lundh - S\u00e4kerhetsf\u00f6retagen","isPartOf":{"@id":"https:\/\/www.sakerhetsforetagen.se\/#website"},"primaryImageOfPage":{"@id":"https:\/\/www.sakerhetsforetagen.se\/2024\/10\/18\/seminarium-med-rikspolischef-petra-lundh-17-10\/#primaryimage"},"image":{"@id":"https:\/\/www.sakerhetsforetagen.se\/2024\/10\/18\/seminarium-med-rikspolischef-petra-lundh-17-10\/#primaryimage"},"thumbnailUrl":"https:\/\/www.sakerhetsforetagen.se\/app\/uploads\/sites\/11\/2024\/10\/1-scaled.jpg","datePublished":"2024-10-18T09:13:13+00:00","dateModified":"2024-10-18T09:25:59+00:00","author":{"@id":"https:\/\/www.sakerhetsforetagen.se\/#\/schema\/person\/b8fb1f06c5873724408d7b84a9413c10"},"breadcrumb":{"@id":"https:\/\/www.sakerhetsforetagen.se\/2024\/10\/18\/seminarium-med-rikspolischef-petra-lundh-17-10\/#breadcrumb"},"inLanguage":"sv-SE","potentialAction":[{"@type":"ReadAction","target":["https:\/\/www.sakerhetsforetagen.se\/2024\/10\/18\/seminarium-med-rikspolischef-petra-lundh-17-10\/"]}]},{"@type":"ImageObject","inLanguage":"sv-SE","@id":"https:\/\/www.sakerhetsforetagen.se\/2024\/10\/18\/seminarium-med-rikspolischef-petra-lundh-17-10\/#primaryimage","url":"https:\/\/www.sakerhetsforetagen.se\/app\/uploads\/sites\/11\/2024\/10\/1-scaled.jpg","contentUrl":"https:\/\/www.sakerhetsforetagen.se\/app\/uploads\/sites\/11\/2024\/10\/1-scaled.jpg","width":2560,"height":1269,"caption":"Rikspolischef Petra Lundh fr\u00e5gas ut av Pontus Lindstr\u00f6m, n\u00e4ringspolitisk chef S\u00e4kerhetsf\u00f6retagen."},{"@type":"BreadcrumbList","@id":"https:\/\/www.sakerhetsforetagen.se\/2024\/10\/18\/seminarium-med-rikspolischef-petra-lundh-17-10\/#breadcrumb","itemListElement":[{"@type":"ListItem","position":1,"name":"Home","item":"https:\/\/www.sakerhetsforetagen.se\/"},{"@type":"ListItem","position":2,"name":"Webb-tv: Seminarium med rikspolischef Petra Lundh"}]},{"@type":"WebSite","@id":"https:\/\/www.sakerhetsforetagen.se\/#website","url":"https:\/\/www.sakerhetsforetagen.se\/","name":"S\u00e4kerhetsf\u00f6retagen","description":"","potentialAction":[{"@type":"SearchAction","target":{"@type":"EntryPoint","urlTemplate":"https:\/\/www.sakerhetsforetagen.se\/?s={search_term_string}"},"query-input":{"@type":"PropertyValueSpecification","valueRequired":true,"valueName":"search_term_string"}}],"inLanguage":"sv-SE"},{"@type":"Person","@id":"https:\/\/www.sakerhetsforetagen.se\/#\/schema\/person\/b8fb1f06c5873724408d7b84a9413c10","name":"Pontus Lindstr\u00f6m","image":{"@type":"ImageObject","inLanguage":"sv-SE","@id":"https:\/\/www.sakerhetsforetagen.se\/#\/schema\/person\/image\/","url":"https:\/\/secure.gravatar.com\/avatar\/632a95919c36ce5d60038328122952c88471e469f32339875062cf6161411ade?s=96&d=mm&r=g","contentUrl":"https:\/\/secure.gravatar.com\/avatar\/632a95919c36ce5d60038328122952c88471e469f32339875062cf6161411ade?s=96&d=mm&r=g","caption":"Pontus Lindstr\u00f6m"},"url":"https:\/\/www.sakerhetsforetagen.se\/person\/pontuslindstrom\/"}]}},"_links":{"self":[{"href":"https:\/\/www.sakerhetsforetagen.se\/api\/wp\/v2\/posts\/2002","targetHints":{"allow":["GET"]}}],"collection":[{"href":"https:\/\/www.sakerhetsforetagen.se\/api\/wp\/v2\/posts"}],"about":[{"href":"https:\/\/www.sakerhetsforetagen.se\/api\/wp\/v2\/types\/post"}],"author":[{"embeddable":true,"href":"https:\/\/www.sakerhetsforetagen.se\/api\/wp\/v2\/users\/18172"}],"replies":[{"embeddable":true,"href":"https:\/\/www.sakerhetsforetagen.se\/api\/wp\/v2\/comments?post=2002"}],"version-history":[{"count":10,"href":"https:\/\/www.sakerhetsforetagen.se\/api\/wp\/v2\/posts\/2002\/revisions"}],"predecessor-version":[{"id":2017,"href":"https:\/\/www.sakerhetsforetagen.se\/api\/wp\/v2\/posts\/2002\/revisions\/2017"}],"wp:featuredmedia":[{"embeddable":true,"href":"https:\/\/www.sakerhetsforetagen.se\/api\/wp\/v2\/media\/2003"}],"wp:attachment":[{"href":"https:\/\/www.sakerhetsforetagen.se\/api\/wp\/v2\/media?parent=2002"}],"wp:term":[{"taxonomy":"category","embeddable":true,"href":"https:\/\/www.sakerhetsforetagen.se\/api\/wp\/v2\/categories?post=2002"},{"taxonomy":"post_tag","embeddable":true,"href":"https:\/\/www.sakerhetsforetagen.se\/api\/wp\/v2\/tags?post=2002"},{"taxonomy":"type","embeddable":true,"href":"https:\/\/www.sakerhetsforetagen.se\/api\/wp\/v2\/article_type?post=2002"},{"taxonomy":"agreement","embeddable":true,"href":"https:\/\/www.sakerhetsforetagen.se\/api\/wp\/v2\/agreement?post=2002"},{"taxonomy":"for-members","embeddable":true,"href":"https:\/\/www.sakerhetsforetagen.se\/api\/wp\/v2\/for-members?post=2002"}],"curies":[{"name":"wp","href":"https:\/\/api.w.org\/{rel}","templated":true}]}}