{"id":1981,"date":"2024-10-10T06:30:44","date_gmt":"2024-10-10T04:30:44","guid":{"rendered":"https:\/\/www.sakerhetsforetagen.se\/?p=1981"},"modified":"2024-10-10T06:30:46","modified_gmt":"2024-10-10T04:30:46","slug":"sakerhetssektorn-slar-nya-rekord","status":"publish","type":"post","link":"https:\/\/www.sakerhetsforetagen.se\/2024\/10\/10\/sakerhetssektorn-slar-nya-rekord\/","title":{"rendered":"S\u00e4kerhetssektorn sl\u00e5r nya rekord"},"content":{"rendered":"<p class=\"intro\"><strong>Oms\u00e4ttningen och antalet anst\u00e4llda i den privata s\u00e4kerhetssektorn i Sverige n\u00e5r nya rekordniv\u00e5er. Det finns dock stora skillnader inom landet, visar S\u00e4kerhetsf\u00f6retagens \u00e5rsrapport f\u00f6r 2024. <\/strong><\/p>\n\n<p>S\u00e4kerhetssektorns omfattning sett till antal anst\u00e4llda v\u00e4xte fram till 2016, till knappt 19 800. Under de kommande \u00e5ren \u00f6kade antalet anst\u00e4llda till \u00f6ver 20 000, men minskade \u00e5ter till knappt 19 700 under 2021 d\u00e5 covid 19-pandemin lamslog stora delar av f\u00f6retagens verksamheter. Fram till 2023 \u00f6kade \u00e5ter antalet avsev\u00e4rt till drygt 22\u00a0800.<\/p>\n\n\n\n<p>Omr\u00e4knat till kronkursen f\u00f6r juni 2024 har s\u00e4kerhetsf\u00f6retagens nettooms\u00e4ttning \u00f6kat fr\u00e5n 11,9 till 31,5 miljarder kronor mellan 2000 och 2022.<\/p>\n\n\n\n<p>&#8211; Att branschen forts\u00e4tter v\u00e4xa och utvecklas \u00e4r en naturlig f\u00f6ljd av att allt fler privatpersoner och f\u00f6retag investerar i s\u00e4kerhetsl\u00f6sningar f\u00f6r att skydda sig mot fysiska och digitala brott. Den gr\u00f6vsta g\u00e4ngkriminaliteten har skapat en v\u00e5ldsv\u00e5g i landet som inte har setts i modern tid, s\u00e4ger Richard Org\u00e5rd, f\u00f6rbundsdirekt\u00f6r p\u00e5 S\u00e4kerhetsf\u00f6retagen.<\/p>\n\n\n\n<p>Den st\u00f6rsta personalgruppen inom s\u00e4kerhetssektorn \u00e4r v\u00e4ktare och ordningsvakter. I de flesta, men inte alla, l\u00e4nen i Sverige har antalet v\u00e4ktare och ordningsvakter \u00f6kat \u00f6ver tid. Den fr\u00e4msta \u00f6kningstakten finns i G\u00e4vleborgs och Gotlands l\u00e4n d\u00e4r antalet v\u00e4ktare och ordningsvakter har \u00f6kat med mer \u00e4n 50 procent sedan 2014. Samtidigt har det skett en minskning med 24 respektive 25 procent i Hallands och Kalmar l\u00e4n.<\/p>\n\n\n\n<p>&#8211; Lag och ordning \u00e4r \u00e5terigen den viktigaste fr\u00e5gan f\u00f6r v\u00e4ljark\u00e5ren. F\u00f6r att f\u00f6rebygga och bek\u00e4mpa kriminaliteten kr\u00e4vs det fortsatt krafttag d\u00e4r myndigheter och kommuner i hela landet nyttjar kraften och innovationen i de privata s\u00e4kerhetsf\u00f6retagen, s\u00e4ger Pontus Lindstr\u00f6m, n\u00e4ringspolitisk chef p\u00e5 S\u00e4kerhetsf\u00f6retagen.<\/p>\n\n\n\n<p>Efterfr\u00e5gan p\u00e5 s\u00e4kerhetsf\u00f6retagens tj\u00e4nster och produkter relaterar till hur efterfr\u00e5gan p\u00e5 trygghet i samh\u00e4llet utvecklas. I Sverige finns en l\u00e5ngsiktig trend d\u00e4r kriminaliteten och den otrygghet som den orsakar alltmer har hamnat i fokus. Med detta som utg\u00e5ngspunkt sammanst\u00e4ller S\u00e4kerhetsf\u00f6retagen varje \u00e5r en \u00e5rsrapport. Syftet \u00e4r att sammanst\u00e4lla statistik som visar hur branschen och sektorn utvecklas.<\/p>\n\n\n\n<object data-wp-bind--hidden=\"!state.hasPdfPreview\" hidden class=\"wp-block-file__embed\" data=\"https:\/\/www.sakerhetsforetagen.se\/app\/uploads\/sites\/11\/2024\/10\/Arsrapport-2024-Sakerhetsforetagen.pdf\" type=\"application\/pdf\" style=\"width:100%;height:600px\" aria-label=\"Inb\u00e4ddning av Arsrapport-2024-Sakerhetsforetagen.\"><\/object><a id=\"wp-block-file--media-8ff7e1ca-6621-4607-8110-58bdb9342122\" href=\"https:\/\/www.sakerhetsforetagen.se\/app\/uploads\/sites\/11\/2024\/10\/Arsrapport-2024-Sakerhetsforetagen.pdf\">Arsrapport-2024-Sakerhetsforetagen<\/a><a href=\"https:\/\/www.sakerhetsforetagen.se\/app\/uploads\/sites\/11\/2024\/10\/Arsrapport-2024-Sakerhetsforetagen.pdf\" class=\"wp-block-file__button wp-element-button\" download aria-describedby=\"wp-block-file--media-8ff7e1ca-6621-4607-8110-58bdb9342122\">Ladda ner<\/a>\n","protected":false},"excerpt":{"rendered":"<p>S\u00e4kerhetssektorns omfattning sett till antal anst\u00e4llda v\u00e4xte fram till 2016, till knappt 19 800. Under de kommande \u00e5ren \u00f6kade antalet anst\u00e4llda till \u00f6ver 20 000, men minskade \u00e5ter till knappt 19 700 under 2021 d\u00e5 &hellip;<\/p>\n","protected":false},"author":18172,"featured_media":1986,"comment_status":"open","ping_status":"open","sticky":false,"template":"","format":"standard","meta":{"_acf_changed":false,"footnotes":""},"categories":[155],"tags":[],"article_type":[],"agreement":[],"for-members":[],"class_list":["post-1981","post","type-post","status-publish","format-standard","has-post-thumbnail","hentry","category-aktuellt"],"acf":[],"yoast_head":"<!-- This site is optimized with the Yoast SEO plugin v26.8 - https:\/\/yoast.com\/product\/yoast-seo-wordpress\/ -->\n<title>S\u00e4kerhetssektorn sl\u00e5r nya rekord - S\u00e4kerhetsf\u00f6retagen<\/title>\n<meta name=\"robots\" content=\"index, follow, max-snippet:-1, max-image-preview:large, max-video-preview:-1\" \/>\n<link rel=\"canonical\" href=\"https:\/\/www.sakerhetsforetagen.se\/2024\/10\/10\/sakerhetssektorn-slar-nya-rekord\/\" \/>\n<meta property=\"og:locale\" content=\"sv_SE\" \/>\n<meta property=\"og:type\" content=\"article\" \/>\n<meta property=\"og:title\" content=\"S\u00e4kerhetssektorn sl\u00e5r nya rekord - S\u00e4kerhetsf\u00f6retagen\" \/>\n<meta property=\"og:description\" content=\"S\u00e4kerhetssektorns omfattning sett till antal anst\u00e4llda v\u00e4xte fram till 2016, till knappt 19 800. Under de kommande \u00e5ren \u00f6kade antalet anst\u00e4llda till \u00f6ver 20 000, men minskade \u00e5ter till knappt 19 700 under 2021 d\u00e5 &hellip;\" \/>\n<meta property=\"og:url\" content=\"https:\/\/www.sakerhetsforetagen.se\/2024\/10\/10\/sakerhetssektorn-slar-nya-rekord\/\" \/>\n<meta property=\"og:site_name\" content=\"S\u00e4kerhetsf\u00f6retagen\" \/>\n<meta property=\"article:published_time\" content=\"2024-10-10T04:30:44+00:00\" \/>\n<meta property=\"article:modified_time\" content=\"2024-10-10T04:30:46+00:00\" \/>\n<meta property=\"og:image\" content=\"https:\/\/www.sakerhetsforetagen.se\/app\/uploads\/sites\/11\/2024\/10\/Richard-Orgard-Pontus-Lindstrom-1-1024x565.png\" \/>\n\t<meta property=\"og:image:width\" content=\"1024\" \/>\n\t<meta property=\"og:image:height\" content=\"565\" \/>\n\t<meta property=\"og:image:type\" content=\"image\/png\" \/>\n<meta name=\"author\" content=\"Pontus Lindstr\u00f6m\" \/>\n<meta name=\"twitter:card\" content=\"summary_large_image\" \/>\n<meta name=\"twitter:label1\" content=\"Skriven av\" \/>\n\t<meta name=\"twitter:data1\" content=\"Pontus Lindstr\u00f6m\" \/>\n\t<meta name=\"twitter:label2\" content=\"Ber\u00e4knad l\u00e4stid\" \/>\n\t<meta name=\"twitter:data2\" content=\"2 minuter\" \/>\n<!-- \/ Yoast SEO plugin. -->","yoast_head_json":{"title":"S\u00e4kerhetssektorn sl\u00e5r nya rekord - S\u00e4kerhetsf\u00f6retagen","robots":{"index":"index","follow":"follow","max-snippet":"max-snippet:-1","max-image-preview":"max-image-preview:large","max-video-preview":"max-video-preview:-1"},"canonical":"https:\/\/www.sakerhetsforetagen.se\/2024\/10\/10\/sakerhetssektorn-slar-nya-rekord\/","og_locale":"sv_SE","og_type":"article","og_title":"S\u00e4kerhetssektorn sl\u00e5r nya rekord - S\u00e4kerhetsf\u00f6retagen","og_description":"S\u00e4kerhetssektorns omfattning sett till antal anst\u00e4llda v\u00e4xte fram till 2016, till knappt 19 800. Under de kommande \u00e5ren \u00f6kade antalet anst\u00e4llda till \u00f6ver 20 000, men minskade \u00e5ter till knappt 19 700 under 2021 d\u00e5 &hellip;","og_url":"https:\/\/www.sakerhetsforetagen.se\/2024\/10\/10\/sakerhetssektorn-slar-nya-rekord\/","og_site_name":"S\u00e4kerhetsf\u00f6retagen","article_published_time":"2024-10-10T04:30:44+00:00","article_modified_time":"2024-10-10T04:30:46+00:00","og_image":[{"width":1024,"height":565,"url":"https:\/\/www.sakerhetsforetagen.se\/app\/uploads\/sites\/11\/2024\/10\/Richard-Orgard-Pontus-Lindstrom-1-1024x565.png","type":"image\/png"}],"author":"Pontus Lindstr\u00f6m","twitter_card":"summary_large_image","twitter_misc":{"Skriven av":"Pontus Lindstr\u00f6m","Ber\u00e4knad l\u00e4stid":"2 minuter"},"schema":{"@context":"https:\/\/schema.org","@graph":[{"@type":"Article","@id":"https:\/\/www.sakerhetsforetagen.se\/2024\/10\/10\/sakerhetssektorn-slar-nya-rekord\/#article","isPartOf":{"@id":"https:\/\/www.sakerhetsforetagen.se\/2024\/10\/10\/sakerhetssektorn-slar-nya-rekord\/"},"author":{"name":"Pontus Lindstr\u00f6m","@id":"https:\/\/www.sakerhetsforetagen.se\/#\/schema\/person\/b8fb1f06c5873724408d7b84a9413c10"},"headline":"S\u00e4kerhetssektorn sl\u00e5r nya rekord","datePublished":"2024-10-10T04:30:44+00:00","dateModified":"2024-10-10T04:30:46+00:00","mainEntityOfPage":{"@id":"https:\/\/www.sakerhetsforetagen.se\/2024\/10\/10\/sakerhetssektorn-slar-nya-rekord\/"},"wordCount":349,"commentCount":0,"image":{"@id":"https:\/\/www.sakerhetsforetagen.se\/2024\/10\/10\/sakerhetssektorn-slar-nya-rekord\/#primaryimage"},"thumbnailUrl":"https:\/\/www.sakerhetsforetagen.se\/app\/uploads\/sites\/11\/2024\/10\/Richard-Orgard-Pontus-Lindstrom-1.png","articleSection":["Aktuellt"],"inLanguage":"sv-SE","potentialAction":[{"@type":"CommentAction","name":"Comment","target":["https:\/\/www.sakerhetsforetagen.se\/2024\/10\/10\/sakerhetssektorn-slar-nya-rekord\/#respond"]}]},{"@type":"WebPage","@id":"https:\/\/www.sakerhetsforetagen.se\/2024\/10\/10\/sakerhetssektorn-slar-nya-rekord\/","url":"https:\/\/www.sakerhetsforetagen.se\/2024\/10\/10\/sakerhetssektorn-slar-nya-rekord\/","name":"S\u00e4kerhetssektorn sl\u00e5r nya rekord - S\u00e4kerhetsf\u00f6retagen","isPartOf":{"@id":"https:\/\/www.sakerhetsforetagen.se\/#website"},"primaryImageOfPage":{"@id":"https:\/\/www.sakerhetsforetagen.se\/2024\/10\/10\/sakerhetssektorn-slar-nya-rekord\/#primaryimage"},"image":{"@id":"https:\/\/www.sakerhetsforetagen.se\/2024\/10\/10\/sakerhetssektorn-slar-nya-rekord\/#primaryimage"},"thumbnailUrl":"https:\/\/www.sakerhetsforetagen.se\/app\/uploads\/sites\/11\/2024\/10\/Richard-Orgard-Pontus-Lindstrom-1.png","datePublished":"2024-10-10T04:30:44+00:00","dateModified":"2024-10-10T04:30:46+00:00","author":{"@id":"https:\/\/www.sakerhetsforetagen.se\/#\/schema\/person\/b8fb1f06c5873724408d7b84a9413c10"},"breadcrumb":{"@id":"https:\/\/www.sakerhetsforetagen.se\/2024\/10\/10\/sakerhetssektorn-slar-nya-rekord\/#breadcrumb"},"inLanguage":"sv-SE","potentialAction":[{"@type":"ReadAction","target":["https:\/\/www.sakerhetsforetagen.se\/2024\/10\/10\/sakerhetssektorn-slar-nya-rekord\/"]}]},{"@type":"ImageObject","inLanguage":"sv-SE","@id":"https:\/\/www.sakerhetsforetagen.se\/2024\/10\/10\/sakerhetssektorn-slar-nya-rekord\/#primaryimage","url":"https:\/\/www.sakerhetsforetagen.se\/app\/uploads\/sites\/11\/2024\/10\/Richard-Orgard-Pontus-Lindstrom-1.png","contentUrl":"https:\/\/www.sakerhetsforetagen.se\/app\/uploads\/sites\/11\/2024\/10\/Richard-Orgard-Pontus-Lindstrom-1.png","width":4557,"height":2516,"caption":"Richard Org\u00e5rd, f\u00f6rbundsdirekt\u00f6r S\u00e4kerhetsf\u00f6retagen och Pontus Lindstr\u00f6m, n\u00e4ringspolitisk chef."},{"@type":"BreadcrumbList","@id":"https:\/\/www.sakerhetsforetagen.se\/2024\/10\/10\/sakerhetssektorn-slar-nya-rekord\/#breadcrumb","itemListElement":[{"@type":"ListItem","position":1,"name":"Home","item":"https:\/\/www.sakerhetsforetagen.se\/"},{"@type":"ListItem","position":2,"name":"S\u00e4kerhetssektorn sl\u00e5r nya rekord"}]},{"@type":"WebSite","@id":"https:\/\/www.sakerhetsforetagen.se\/#website","url":"https:\/\/www.sakerhetsforetagen.se\/","name":"S\u00e4kerhetsf\u00f6retagen","description":"","potentialAction":[{"@type":"SearchAction","target":{"@type":"EntryPoint","urlTemplate":"https:\/\/www.sakerhetsforetagen.se\/?s={search_term_string}"},"query-input":{"@type":"PropertyValueSpecification","valueRequired":true,"valueName":"search_term_string"}}],"inLanguage":"sv-SE"},{"@type":"Person","@id":"https:\/\/www.sakerhetsforetagen.se\/#\/schema\/person\/b8fb1f06c5873724408d7b84a9413c10","name":"Pontus Lindstr\u00f6m","image":{"@type":"ImageObject","inLanguage":"sv-SE","@id":"https:\/\/www.sakerhetsforetagen.se\/#\/schema\/person\/image\/","url":"https:\/\/secure.gravatar.com\/avatar\/632a95919c36ce5d60038328122952c88471e469f32339875062cf6161411ade?s=96&d=mm&r=g","contentUrl":"https:\/\/secure.gravatar.com\/avatar\/632a95919c36ce5d60038328122952c88471e469f32339875062cf6161411ade?s=96&d=mm&r=g","caption":"Pontus Lindstr\u00f6m"},"url":"https:\/\/www.sakerhetsforetagen.se\/person\/pontuslindstrom\/"}]}},"_links":{"self":[{"href":"https:\/\/www.sakerhetsforetagen.se\/api\/wp\/v2\/posts\/1981","targetHints":{"allow":["GET"]}}],"collection":[{"href":"https:\/\/www.sakerhetsforetagen.se\/api\/wp\/v2\/posts"}],"about":[{"href":"https:\/\/www.sakerhetsforetagen.se\/api\/wp\/v2\/types\/post"}],"author":[{"embeddable":true,"href":"https:\/\/www.sakerhetsforetagen.se\/api\/wp\/v2\/users\/18172"}],"replies":[{"embeddable":true,"href":"https:\/\/www.sakerhetsforetagen.se\/api\/wp\/v2\/comments?post=1981"}],"version-history":[{"count":2,"href":"https:\/\/www.sakerhetsforetagen.se\/api\/wp\/v2\/posts\/1981\/revisions"}],"predecessor-version":[{"id":1985,"href":"https:\/\/www.sakerhetsforetagen.se\/api\/wp\/v2\/posts\/1981\/revisions\/1985"}],"wp:featuredmedia":[{"embeddable":true,"href":"https:\/\/www.sakerhetsforetagen.se\/api\/wp\/v2\/media\/1986"}],"wp:attachment":[{"href":"https:\/\/www.sakerhetsforetagen.se\/api\/wp\/v2\/media?parent=1981"}],"wp:term":[{"taxonomy":"category","embeddable":true,"href":"https:\/\/www.sakerhetsforetagen.se\/api\/wp\/v2\/categories?post=1981"},{"taxonomy":"post_tag","embeddable":true,"href":"https:\/\/www.sakerhetsforetagen.se\/api\/wp\/v2\/tags?post=1981"},{"taxonomy":"type","embeddable":true,"href":"https:\/\/www.sakerhetsforetagen.se\/api\/wp\/v2\/article_type?post=1981"},{"taxonomy":"agreement","embeddable":true,"href":"https:\/\/www.sakerhetsforetagen.se\/api\/wp\/v2\/agreement?post=1981"},{"taxonomy":"for-members","embeddable":true,"href":"https:\/\/www.sakerhetsforetagen.se\/api\/wp\/v2\/for-members?post=1981"}],"curies":[{"name":"wp","href":"https:\/\/api.w.org\/{rel}","templated":true}]}}