{"id":1876,"date":"2024-05-29T13:15:34","date_gmt":"2024-05-29T11:15:34","guid":{"rendered":"https:\/\/www.sakerhetsforetagen.se\/?p=1876"},"modified":"2024-05-29T13:15:35","modified_gmt":"2024-05-29T11:15:35","slug":"sakerhetsforetagen-i-almedalen","status":"publish","type":"post","link":"https:\/\/www.sakerhetsforetagen.se\/2024\/05\/29\/sakerhetsforetagen-i-almedalen\/","title":{"rendered":"S\u00e4kerhets&shy;f\u00f6retagen i Almedalen"},"content":{"rendered":"\n<p>S\u00e4kerhetsf\u00f6retagen \u00e4r p\u00e5 plats under hela Almedalsveckan d\u00e4r vi inom ramen f\u00f6r S\u00e4kerhetsarenan p\u00e5 Gotlands museum \u00e4r med och anordnar en rad seminarier inom trygghet, s\u00e4kerhet och krisberedskap. Samtliga seminarier hittas <a href=\"https:\/\/almedalsveckan.info\/program?searchText=S%C3%A4kerhetsarenan&amp;searchTextLimitation=eventProducers\" target=\"_blank\" rel=\"noreferrer noopener\">h\u00e4r<\/a>.<br><br>S\u00e4kerhetsarenan anordnas av S\u00e4kerhetsf\u00f6retagen tillsammans med St\u00f6ldskyddsf\u00f6reningen, Brandskyddsf\u00f6reningen, S\u00e4kerhetsbranschen, Tryggare Sverige och F\u00f6retagsuniversitetet.<\/p>\n","protected":false},"excerpt":{"rendered":"<p>S\u00e4kerhetsf\u00f6retagen \u00e4r p\u00e5 plats under hela Almedalsveckan d\u00e4r vi inom ramen f\u00f6r S\u00e4kerhetsarenan p\u00e5 Gotlands museum \u00e4r med och anordnar en rad seminarier inom trygghet, s\u00e4kerhet och krisberedskap. Samtliga seminarier hittas h\u00e4r. S\u00e4kerhetsarenan anordnas av &hellip;<\/p>\n","protected":false},"author":18172,"featured_media":1877,"comment_status":"open","ping_status":"open","sticky":false,"template":"","format":"standard","meta":{"_acf_changed":false,"footnotes":""},"categories":[155],"tags":[],"article_type":[],"agreement":[],"for-members":[],"class_list":["post-1876","post","type-post","status-publish","format-standard","has-post-thumbnail","hentry","category-aktuellt"],"acf":[],"yoast_head":"<!-- This site is optimized with the Yoast SEO plugin v26.8 - https:\/\/yoast.com\/product\/yoast-seo-wordpress\/ -->\n<title>S\u00e4kerhetsf\u00f6retagen i Almedalen - S\u00e4kerhetsf\u00f6retagen<\/title>\n<meta name=\"robots\" content=\"index, follow, max-snippet:-1, max-image-preview:large, max-video-preview:-1\" \/>\n<link rel=\"canonical\" href=\"https:\/\/www.sakerhetsforetagen.se\/2024\/05\/29\/sakerhetsforetagen-i-almedalen\/\" \/>\n<meta property=\"og:locale\" content=\"sv_SE\" \/>\n<meta property=\"og:type\" content=\"article\" \/>\n<meta property=\"og:title\" content=\"S\u00e4kerhetsf\u00f6retagen i Almedalen - S\u00e4kerhetsf\u00f6retagen\" \/>\n<meta property=\"og:description\" content=\"S\u00e4kerhetsf\u00f6retagen \u00e4r p\u00e5 plats under hela Almedalsveckan d\u00e4r vi inom ramen f\u00f6r S\u00e4kerhetsarenan p\u00e5 Gotlands museum \u00e4r med och anordnar en rad seminarier inom trygghet, s\u00e4kerhet och krisberedskap. Samtliga seminarier hittas h\u00e4r. S\u00e4kerhetsarenan anordnas av &hellip;\" \/>\n<meta property=\"og:url\" content=\"https:\/\/www.sakerhetsforetagen.se\/2024\/05\/29\/sakerhetsforetagen-i-almedalen\/\" \/>\n<meta property=\"og:site_name\" content=\"S\u00e4kerhetsf\u00f6retagen\" \/>\n<meta property=\"article:published_time\" content=\"2024-05-29T11:15:34+00:00\" \/>\n<meta property=\"article:modified_time\" content=\"2024-05-29T11:15:35+00:00\" \/>\n<meta property=\"og:image\" content=\"https:\/\/www.sakerhetsforetagen.se\/app\/uploads\/sites\/11\/2024\/05\/ima131114-1024x768.jpg\" \/>\n\t<meta property=\"og:image:width\" content=\"1024\" \/>\n\t<meta property=\"og:image:height\" content=\"768\" \/>\n\t<meta property=\"og:image:type\" content=\"image\/jpeg\" \/>\n<meta name=\"author\" content=\"Pontus Lindstr\u00f6m\" \/>\n<meta name=\"twitter:card\" content=\"summary_large_image\" \/>\n<meta name=\"twitter:label1\" content=\"Skriven av\" \/>\n\t<meta name=\"twitter:data1\" content=\"Pontus Lindstr\u00f6m\" \/>\n\t<meta name=\"twitter:label2\" content=\"Ber\u00e4knad l\u00e4stid\" \/>\n\t<meta name=\"twitter:data2\" content=\"1 minut\" \/>\n<!-- \/ Yoast SEO plugin. -->","yoast_head_json":{"title":"S\u00e4kerhetsf\u00f6retagen i Almedalen - S\u00e4kerhetsf\u00f6retagen","robots":{"index":"index","follow":"follow","max-snippet":"max-snippet:-1","max-image-preview":"max-image-preview:large","max-video-preview":"max-video-preview:-1"},"canonical":"https:\/\/www.sakerhetsforetagen.se\/2024\/05\/29\/sakerhetsforetagen-i-almedalen\/","og_locale":"sv_SE","og_type":"article","og_title":"S\u00e4kerhetsf\u00f6retagen i Almedalen - S\u00e4kerhetsf\u00f6retagen","og_description":"S\u00e4kerhetsf\u00f6retagen \u00e4r p\u00e5 plats under hela Almedalsveckan d\u00e4r vi inom ramen f\u00f6r S\u00e4kerhetsarenan p\u00e5 Gotlands museum \u00e4r med och anordnar en rad seminarier inom trygghet, s\u00e4kerhet och krisberedskap. Samtliga seminarier hittas h\u00e4r. S\u00e4kerhetsarenan anordnas av &hellip;","og_url":"https:\/\/www.sakerhetsforetagen.se\/2024\/05\/29\/sakerhetsforetagen-i-almedalen\/","og_site_name":"S\u00e4kerhetsf\u00f6retagen","article_published_time":"2024-05-29T11:15:34+00:00","article_modified_time":"2024-05-29T11:15:35+00:00","og_image":[{"width":1024,"height":768,"url":"https:\/\/www.sakerhetsforetagen.se\/app\/uploads\/sites\/11\/2024\/05\/ima131114-1024x768.jpg","type":"image\/jpeg"}],"author":"Pontus Lindstr\u00f6m","twitter_card":"summary_large_image","twitter_misc":{"Skriven av":"Pontus Lindstr\u00f6m","Ber\u00e4knad l\u00e4stid":"1 minut"},"schema":{"@context":"https:\/\/schema.org","@graph":[{"@type":"Article","@id":"https:\/\/www.sakerhetsforetagen.se\/2024\/05\/29\/sakerhetsforetagen-i-almedalen\/#article","isPartOf":{"@id":"https:\/\/www.sakerhetsforetagen.se\/2024\/05\/29\/sakerhetsforetagen-i-almedalen\/"},"author":{"name":"Pontus Lindstr\u00f6m","@id":"https:\/\/www.sakerhetsforetagen.se\/#\/schema\/person\/b8fb1f06c5873724408d7b84a9413c10"},"headline":"S\u00e4kerhets&shy;f\u00f6retagen i Almedalen","datePublished":"2024-05-29T11:15:34+00:00","dateModified":"2024-05-29T11:15:35+00:00","mainEntityOfPage":{"@id":"https:\/\/www.sakerhetsforetagen.se\/2024\/05\/29\/sakerhetsforetagen-i-almedalen\/"},"wordCount":65,"commentCount":0,"image":{"@id":"https:\/\/www.sakerhetsforetagen.se\/2024\/05\/29\/sakerhetsforetagen-i-almedalen\/#primaryimage"},"thumbnailUrl":"https:\/\/www.sakerhetsforetagen.se\/app\/uploads\/sites\/11\/2024\/05\/ima131114.jpg","articleSection":["Aktuellt"],"inLanguage":"sv-SE","potentialAction":[{"@type":"CommentAction","name":"Comment","target":["https:\/\/www.sakerhetsforetagen.se\/2024\/05\/29\/sakerhetsforetagen-i-almedalen\/#respond"]}]},{"@type":"WebPage","@id":"https:\/\/www.sakerhetsforetagen.se\/2024\/05\/29\/sakerhetsforetagen-i-almedalen\/","url":"https:\/\/www.sakerhetsforetagen.se\/2024\/05\/29\/sakerhetsforetagen-i-almedalen\/","name":"S\u00e4kerhetsf\u00f6retagen i Almedalen - S\u00e4kerhetsf\u00f6retagen","isPartOf":{"@id":"https:\/\/www.sakerhetsforetagen.se\/#website"},"primaryImageOfPage":{"@id":"https:\/\/www.sakerhetsforetagen.se\/2024\/05\/29\/sakerhetsforetagen-i-almedalen\/#primaryimage"},"image":{"@id":"https:\/\/www.sakerhetsforetagen.se\/2024\/05\/29\/sakerhetsforetagen-i-almedalen\/#primaryimage"},"thumbnailUrl":"https:\/\/www.sakerhetsforetagen.se\/app\/uploads\/sites\/11\/2024\/05\/ima131114.jpg","datePublished":"2024-05-29T11:15:34+00:00","dateModified":"2024-05-29T11:15:35+00:00","author":{"@id":"https:\/\/www.sakerhetsforetagen.se\/#\/schema\/person\/b8fb1f06c5873724408d7b84a9413c10"},"breadcrumb":{"@id":"https:\/\/www.sakerhetsforetagen.se\/2024\/05\/29\/sakerhetsforetagen-i-almedalen\/#breadcrumb"},"inLanguage":"sv-SE","potentialAction":[{"@type":"ReadAction","target":["https:\/\/www.sakerhetsforetagen.se\/2024\/05\/29\/sakerhetsforetagen-i-almedalen\/"]}]},{"@type":"ImageObject","inLanguage":"sv-SE","@id":"https:\/\/www.sakerhetsforetagen.se\/2024\/05\/29\/sakerhetsforetagen-i-almedalen\/#primaryimage","url":"https:\/\/www.sakerhetsforetagen.se\/app\/uploads\/sites\/11\/2024\/05\/ima131114.jpg","contentUrl":"https:\/\/www.sakerhetsforetagen.se\/app\/uploads\/sites\/11\/2024\/05\/ima131114.jpg","width":2500,"height":1875},{"@type":"BreadcrumbList","@id":"https:\/\/www.sakerhetsforetagen.se\/2024\/05\/29\/sakerhetsforetagen-i-almedalen\/#breadcrumb","itemListElement":[{"@type":"ListItem","position":1,"name":"Home","item":"https:\/\/www.sakerhetsforetagen.se\/"},{"@type":"ListItem","position":2,"name":"S\u00e4kerhets&shy;f\u00f6retagen i Almedalen"}]},{"@type":"WebSite","@id":"https:\/\/www.sakerhetsforetagen.se\/#website","url":"https:\/\/www.sakerhetsforetagen.se\/","name":"S\u00e4kerhetsf\u00f6retagen","description":"","potentialAction":[{"@type":"SearchAction","target":{"@type":"EntryPoint","urlTemplate":"https:\/\/www.sakerhetsforetagen.se\/?s={search_term_string}"},"query-input":{"@type":"PropertyValueSpecification","valueRequired":true,"valueName":"search_term_string"}}],"inLanguage":"sv-SE"},{"@type":"Person","@id":"https:\/\/www.sakerhetsforetagen.se\/#\/schema\/person\/b8fb1f06c5873724408d7b84a9413c10","name":"Pontus Lindstr\u00f6m","image":{"@type":"ImageObject","inLanguage":"sv-SE","@id":"https:\/\/www.sakerhetsforetagen.se\/#\/schema\/person\/image\/","url":"https:\/\/secure.gravatar.com\/avatar\/632a95919c36ce5d60038328122952c88471e469f32339875062cf6161411ade?s=96&d=mm&r=g","contentUrl":"https:\/\/secure.gravatar.com\/avatar\/632a95919c36ce5d60038328122952c88471e469f32339875062cf6161411ade?s=96&d=mm&r=g","caption":"Pontus Lindstr\u00f6m"},"url":"https:\/\/www.sakerhetsforetagen.se\/person\/pontuslindstrom\/"}]}},"_links":{"self":[{"href":"https:\/\/www.sakerhetsforetagen.se\/api\/wp\/v2\/posts\/1876","targetHints":{"allow":["GET"]}}],"collection":[{"href":"https:\/\/www.sakerhetsforetagen.se\/api\/wp\/v2\/posts"}],"about":[{"href":"https:\/\/www.sakerhetsforetagen.se\/api\/wp\/v2\/types\/post"}],"author":[{"embeddable":true,"href":"https:\/\/www.sakerhetsforetagen.se\/api\/wp\/v2\/users\/18172"}],"replies":[{"embeddable":true,"href":"https:\/\/www.sakerhetsforetagen.se\/api\/wp\/v2\/comments?post=1876"}],"version-history":[{"count":4,"href":"https:\/\/www.sakerhetsforetagen.se\/api\/wp\/v2\/posts\/1876\/revisions"}],"predecessor-version":[{"id":1881,"href":"https:\/\/www.sakerhetsforetagen.se\/api\/wp\/v2\/posts\/1876\/revisions\/1881"}],"wp:featuredmedia":[{"embeddable":true,"href":"https:\/\/www.sakerhetsforetagen.se\/api\/wp\/v2\/media\/1877"}],"wp:attachment":[{"href":"https:\/\/www.sakerhetsforetagen.se\/api\/wp\/v2\/media?parent=1876"}],"wp:term":[{"taxonomy":"category","embeddable":true,"href":"https:\/\/www.sakerhetsforetagen.se\/api\/wp\/v2\/categories?post=1876"},{"taxonomy":"post_tag","embeddable":true,"href":"https:\/\/www.sakerhetsforetagen.se\/api\/wp\/v2\/tags?post=1876"},{"taxonomy":"type","embeddable":true,"href":"https:\/\/www.sakerhetsforetagen.se\/api\/wp\/v2\/article_type?post=1876"},{"taxonomy":"agreement","embeddable":true,"href":"https:\/\/www.sakerhetsforetagen.se\/api\/wp\/v2\/agreement?post=1876"},{"taxonomy":"for-members","embeddable":true,"href":"https:\/\/www.sakerhetsforetagen.se\/api\/wp\/v2\/for-members?post=1876"}],"curies":[{"name":"wp","href":"https:\/\/api.w.org\/{rel}","templated":true}]}}