{"id":1849,"date":"2024-05-14T14:43:19","date_gmt":"2024-05-14T12:43:19","guid":{"rendered":"https:\/\/www.sakerhetsforetagen.se\/?p=1849"},"modified":"2024-05-14T14:43:21","modified_gmt":"2024-05-14T12:43:21","slug":"sakerhetsforetagen-fortsatter-vaxa","status":"publish","type":"post","link":"https:\/\/www.sakerhetsforetagen.se\/2024\/05\/14\/sakerhetsforetagen-fortsatter-vaxa\/","title":{"rendered":"S\u00e4kerhets&shy;f\u00f6retagen forts\u00e4tter v\u00e4xa"},"content":{"rendered":"\n<p><\/p>\n\n\n\n<p><strong><em>Hall\u00e5 d\u00e4r Richard Org\u00e5rd, f\u00f6rbundsdirekt\u00f6r p\u00e5 S\u00e4kerhetsf\u00f6retagen. Vad \u00e4r det senaste inom f\u00f6rbundet?&nbsp;&nbsp;<\/em><\/strong><\/p>\n\n\n\n<p>Just nu utvecklas f\u00f6rbundet p\u00e5 ett fantastiskt s\u00e4tt. Sedan S\u00e4kerhetsf\u00f6retagen blev en del av Almega f\u00f6r drygt tre \u00e5r sedan har antalet medlemmar \u00f6kat med tjugofem procent samtidigt som antalet anst\u00e4llda i v\u00e5ra medlemsf\u00f6retag \u00f6kat med femtio procent. Det \u00e4r mycket positivt att allt fler s\u00e4kerhetsf\u00f6retag ser den stora nyttan med att vara medlemmar.<\/p>\n\n\n\n<p><strong><em>Vad \u00e4r det som ligger bakom den positiva medlemsutvecklingen?<\/em><\/strong><\/p>\n\n\n\n<p>Jag skulle s\u00e4ga att det finns flera faktorer. En viktig del \u00e4r att allt fler f\u00f6retag uppt\u00e4cker att S\u00e4kerhetsf\u00f6retagens tj\u00e4nstemannaavtal \u00e4r ett av de modernaste p\u00e5 svensk arbetsmarknad. Vi ser till exempel fler f\u00f6retag inom IT, s\u00e4kerhetsteknik och brand som s\u00f6ker sig till oss. Vi har ocks\u00e5 st\u00e4rkt upp v\u00e5r organisation med ny n\u00e4ringspolitisk chef samtidigt som Almegas arbetsgivarservice f\u00f6rs\u00e4tter att leverera mycket uppskattade tj\u00e4nster. Ut\u00f6ver detta har vi en engagerad och kompetent f\u00f6rbundsstyrelse.&nbsp;<\/p>\n\n\n\n<p>Till sist s\u00e5 sker det en organisk tillv\u00e4xt i m\u00e5nga f\u00f6retag. Detta \u00e4r ofta kopplat till det r\u00e5dandet s\u00e4kerhetsl\u00e4get i Sverige. Detta bidrar ocks\u00e5 starkt till att f\u00f6rbundet v\u00e4xer. Till det har vi ocks\u00e5 en orolig omv\u00e4rld med yttre och inre s\u00e4kerhetshot som g\u00f6r att efterfr\u00e5gan p\u00e5 s\u00e4kerhetstj\u00e4nster fr\u00e5n f\u00f6retag, privatpersoner och myndigheter \u00f6kar.<\/p>\n\n\n\n<p><strong><em>Vilka fr\u00e5gor ligger \u00f6verst p\u00e5 f\u00f6rbundets dagordning just nu?<\/em><\/strong><\/p>\n\n\n\n<p>I n\u00e4rtid stundar \u00e5rsm\u00f6te och st\u00e4mma d\u00e4r en ny styrelse kommer v\u00e4ljas. M\u00e5nga av S\u00e4kerhetsf\u00f6retagens fr\u00e5gor \u00e4r mycket aktuella och har stor p\u00e5verkan p\u00e5 samh\u00e4llet i stort. N\u00e4sta \u00e5r \u00e4r det \u00e5terigen dags f\u00f6r avtalsr\u00f6relse och d\u00e4r f\u00f6rbereder vi oss ocks\u00e5 f\u00f6r att utfallet ska bli s\u00e5 bra som m\u00f6jligt f\u00f6r v\u00e5ra medlemsf\u00f6retag. Det finns mycket att g\u00f6ra och det \u00e4r en ansvarsfull uppgift att driva f\u00f6r\u00e4ndring och hitta l\u00e5ngsiktiga bra l\u00f6sningar f\u00f6r f\u00f6retagens och de anst\u00e4llda. &nbsp;<\/p>\n\n\n\n<p><strong><em>Hall\u00e5 d\u00e4r Pontus Lindstr\u00f6m, n\u00e4ringspolitisk chef p\u00e5 S\u00e4kerhetsf\u00f6retagen. Vilka \u00e4r de viktigaste n\u00e4ringspolitiska fr\u00e5gorna f\u00f6r medlemsf\u00f6retagen just nu?<\/em><\/strong><\/p>\n\n\n\n<p>Kompetensf\u00f6rs\u00f6rjningen inom branschen \u00e4r en helt avg\u00f6rande fr\u00e5ga d\u00e4r v\u00e5ra m\u00e4tningar visar att nio av tio s\u00e4kerhetsf\u00f6retag har brist p\u00e5 personal h\u00e4r och nu. Att f\u00e5 till b\u00e4ttre offentliga upphandlingar d\u00e4r fokus ligger p\u00e5 kvalitet i st\u00e4llet f\u00f6r l\u00e4gsta pris \u00e4r ocks\u00e5 n\u00e5got som m\u00e5nga av v\u00e5ra medlemmar efterfr\u00e5gar.&nbsp;<\/p>\n\n\n\n<p>Det finns s\u00e5 klart flera andra viktiga sakfr\u00e5gor men en helt grundl\u00e4ggande del handlar om att visa f\u00f6r beslutsfattare vilket fantastiskt viktigt och trygghetsskapande arbete som Sveriges b\u00e5de stora och sm\u00e5 s\u00e4kerhetsf\u00f6retag bidrar med varje dag, runt om i hela landet. Just nu planerar vi \u00e4ven f\u00f6r fullt f\u00f6r v\u00e5r medverkan i Almedalen d\u00e4r vi \u00e4r med och anordnar en rad seminarier inom ramen f\u00f6r S\u00e4kerhetsarenan.<\/p>\n","protected":false},"excerpt":{"rendered":"<p>Hall\u00e5 d\u00e4r Richard Org\u00e5rd, f\u00f6rbundsdirekt\u00f6r p\u00e5 S\u00e4kerhetsf\u00f6retagen. Vad \u00e4r det senaste inom f\u00f6rbundet?&nbsp;&nbsp; Just nu utvecklas f\u00f6rbundet p\u00e5 ett fantastiskt s\u00e4tt. Sedan S\u00e4kerhetsf\u00f6retagen blev en del av Almega f\u00f6r drygt tre \u00e5r sedan har antalet &hellip;<\/p>\n","protected":false},"author":18172,"featured_media":1850,"comment_status":"open","ping_status":"open","sticky":false,"template":"","format":"standard","meta":{"_acf_changed":false,"footnotes":""},"categories":[155],"tags":[],"article_type":[],"agreement":[],"for-members":[],"class_list":["post-1849","post","type-post","status-publish","format-standard","has-post-thumbnail","hentry","category-aktuellt"],"acf":[],"yoast_head":"<!-- This site is optimized with the Yoast SEO plugin v26.8 - https:\/\/yoast.com\/product\/yoast-seo-wordpress\/ -->\n<title>S\u00e4kerhetsf\u00f6retagen forts\u00e4tter v\u00e4xa - S\u00e4kerhetsf\u00f6retagen<\/title>\n<meta name=\"robots\" content=\"index, follow, max-snippet:-1, max-image-preview:large, max-video-preview:-1\" \/>\n<link rel=\"canonical\" href=\"https:\/\/www.sakerhetsforetagen.se\/2024\/05\/14\/sakerhetsforetagen-fortsatter-vaxa\/\" \/>\n<meta property=\"og:locale\" content=\"sv_SE\" \/>\n<meta property=\"og:type\" content=\"article\" \/>\n<meta property=\"og:title\" content=\"S\u00e4kerhetsf\u00f6retagen forts\u00e4tter v\u00e4xa - S\u00e4kerhetsf\u00f6retagen\" \/>\n<meta property=\"og:description\" content=\"Hall\u00e5 d\u00e4r Richard Org\u00e5rd, f\u00f6rbundsdirekt\u00f6r p\u00e5 S\u00e4kerhetsf\u00f6retagen. Vad \u00e4r det senaste inom f\u00f6rbundet?&nbsp;&nbsp; Just nu utvecklas f\u00f6rbundet p\u00e5 ett fantastiskt s\u00e4tt. Sedan S\u00e4kerhetsf\u00f6retagen blev en del av Almega f\u00f6r drygt tre \u00e5r sedan har antalet &hellip;\" \/>\n<meta property=\"og:url\" content=\"https:\/\/www.sakerhetsforetagen.se\/2024\/05\/14\/sakerhetsforetagen-fortsatter-vaxa\/\" \/>\n<meta property=\"og:site_name\" content=\"S\u00e4kerhetsf\u00f6retagen\" \/>\n<meta property=\"article:published_time\" content=\"2024-05-14T12:43:19+00:00\" \/>\n<meta property=\"article:modified_time\" content=\"2024-05-14T12:43:21+00:00\" \/>\n<meta property=\"og:image\" content=\"https:\/\/www.sakerhetsforetagen.se\/app\/uploads\/sites\/11\/2024\/05\/Skarmbild-2024-05-14-142242-1024x574.png\" \/>\n\t<meta property=\"og:image:width\" content=\"1024\" \/>\n\t<meta property=\"og:image:height\" content=\"574\" \/>\n\t<meta property=\"og:image:type\" content=\"image\/png\" \/>\n<meta name=\"author\" content=\"Pontus Lindstr\u00f6m\" \/>\n<meta name=\"twitter:card\" content=\"summary_large_image\" \/>\n<meta name=\"twitter:label1\" content=\"Skriven av\" \/>\n\t<meta name=\"twitter:data1\" content=\"Pontus Lindstr\u00f6m\" \/>\n\t<meta name=\"twitter:label2\" content=\"Ber\u00e4knad l\u00e4stid\" \/>\n\t<meta name=\"twitter:data2\" content=\"3 minuter\" \/>\n<!-- \/ Yoast SEO plugin. -->","yoast_head_json":{"title":"S\u00e4kerhetsf\u00f6retagen forts\u00e4tter v\u00e4xa - S\u00e4kerhetsf\u00f6retagen","robots":{"index":"index","follow":"follow","max-snippet":"max-snippet:-1","max-image-preview":"max-image-preview:large","max-video-preview":"max-video-preview:-1"},"canonical":"https:\/\/www.sakerhetsforetagen.se\/2024\/05\/14\/sakerhetsforetagen-fortsatter-vaxa\/","og_locale":"sv_SE","og_type":"article","og_title":"S\u00e4kerhetsf\u00f6retagen forts\u00e4tter v\u00e4xa - S\u00e4kerhetsf\u00f6retagen","og_description":"Hall\u00e5 d\u00e4r Richard Org\u00e5rd, f\u00f6rbundsdirekt\u00f6r p\u00e5 S\u00e4kerhetsf\u00f6retagen. Vad \u00e4r det senaste inom f\u00f6rbundet?&nbsp;&nbsp; Just nu utvecklas f\u00f6rbundet p\u00e5 ett fantastiskt s\u00e4tt. Sedan S\u00e4kerhetsf\u00f6retagen blev en del av Almega f\u00f6r drygt tre \u00e5r sedan har antalet &hellip;","og_url":"https:\/\/www.sakerhetsforetagen.se\/2024\/05\/14\/sakerhetsforetagen-fortsatter-vaxa\/","og_site_name":"S\u00e4kerhetsf\u00f6retagen","article_published_time":"2024-05-14T12:43:19+00:00","article_modified_time":"2024-05-14T12:43:21+00:00","og_image":[{"width":1024,"height":574,"url":"https:\/\/www.sakerhetsforetagen.se\/app\/uploads\/sites\/11\/2024\/05\/Skarmbild-2024-05-14-142242-1024x574.png","type":"image\/png"}],"author":"Pontus Lindstr\u00f6m","twitter_card":"summary_large_image","twitter_misc":{"Skriven av":"Pontus Lindstr\u00f6m","Ber\u00e4knad l\u00e4stid":"3 minuter"},"schema":{"@context":"https:\/\/schema.org","@graph":[{"@type":"Article","@id":"https:\/\/www.sakerhetsforetagen.se\/2024\/05\/14\/sakerhetsforetagen-fortsatter-vaxa\/#article","isPartOf":{"@id":"https:\/\/www.sakerhetsforetagen.se\/2024\/05\/14\/sakerhetsforetagen-fortsatter-vaxa\/"},"author":{"name":"Pontus Lindstr\u00f6m","@id":"https:\/\/www.sakerhetsforetagen.se\/#\/schema\/person\/b8fb1f06c5873724408d7b84a9413c10"},"headline":"S\u00e4kerhets&shy;f\u00f6retagen forts\u00e4tter v\u00e4xa","datePublished":"2024-05-14T12:43:19+00:00","dateModified":"2024-05-14T12:43:21+00:00","mainEntityOfPage":{"@id":"https:\/\/www.sakerhetsforetagen.se\/2024\/05\/14\/sakerhetsforetagen-fortsatter-vaxa\/"},"wordCount":556,"commentCount":0,"image":{"@id":"https:\/\/www.sakerhetsforetagen.se\/2024\/05\/14\/sakerhetsforetagen-fortsatter-vaxa\/#primaryimage"},"thumbnailUrl":"https:\/\/www.sakerhetsforetagen.se\/app\/uploads\/sites\/11\/2024\/05\/Skarmbild-2024-05-14-142242.png","articleSection":["Aktuellt"],"inLanguage":"sv-SE","potentialAction":[{"@type":"CommentAction","name":"Comment","target":["https:\/\/www.sakerhetsforetagen.se\/2024\/05\/14\/sakerhetsforetagen-fortsatter-vaxa\/#respond"]}]},{"@type":"WebPage","@id":"https:\/\/www.sakerhetsforetagen.se\/2024\/05\/14\/sakerhetsforetagen-fortsatter-vaxa\/","url":"https:\/\/www.sakerhetsforetagen.se\/2024\/05\/14\/sakerhetsforetagen-fortsatter-vaxa\/","name":"S\u00e4kerhetsf\u00f6retagen forts\u00e4tter v\u00e4xa - S\u00e4kerhetsf\u00f6retagen","isPartOf":{"@id":"https:\/\/www.sakerhetsforetagen.se\/#website"},"primaryImageOfPage":{"@id":"https:\/\/www.sakerhetsforetagen.se\/2024\/05\/14\/sakerhetsforetagen-fortsatter-vaxa\/#primaryimage"},"image":{"@id":"https:\/\/www.sakerhetsforetagen.se\/2024\/05\/14\/sakerhetsforetagen-fortsatter-vaxa\/#primaryimage"},"thumbnailUrl":"https:\/\/www.sakerhetsforetagen.se\/app\/uploads\/sites\/11\/2024\/05\/Skarmbild-2024-05-14-142242.png","datePublished":"2024-05-14T12:43:19+00:00","dateModified":"2024-05-14T12:43:21+00:00","author":{"@id":"https:\/\/www.sakerhetsforetagen.se\/#\/schema\/person\/b8fb1f06c5873724408d7b84a9413c10"},"breadcrumb":{"@id":"https:\/\/www.sakerhetsforetagen.se\/2024\/05\/14\/sakerhetsforetagen-fortsatter-vaxa\/#breadcrumb"},"inLanguage":"sv-SE","potentialAction":[{"@type":"ReadAction","target":["https:\/\/www.sakerhetsforetagen.se\/2024\/05\/14\/sakerhetsforetagen-fortsatter-vaxa\/"]}]},{"@type":"ImageObject","inLanguage":"sv-SE","@id":"https:\/\/www.sakerhetsforetagen.se\/2024\/05\/14\/sakerhetsforetagen-fortsatter-vaxa\/#primaryimage","url":"https:\/\/www.sakerhetsforetagen.se\/app\/uploads\/sites\/11\/2024\/05\/Skarmbild-2024-05-14-142242.png","contentUrl":"https:\/\/www.sakerhetsforetagen.se\/app\/uploads\/sites\/11\/2024\/05\/Skarmbild-2024-05-14-142242.png","width":1896,"height":1062},{"@type":"BreadcrumbList","@id":"https:\/\/www.sakerhetsforetagen.se\/2024\/05\/14\/sakerhetsforetagen-fortsatter-vaxa\/#breadcrumb","itemListElement":[{"@type":"ListItem","position":1,"name":"Home","item":"https:\/\/www.sakerhetsforetagen.se\/"},{"@type":"ListItem","position":2,"name":"S\u00e4kerhets&shy;f\u00f6retagen forts\u00e4tter v\u00e4xa"}]},{"@type":"WebSite","@id":"https:\/\/www.sakerhetsforetagen.se\/#website","url":"https:\/\/www.sakerhetsforetagen.se\/","name":"S\u00e4kerhetsf\u00f6retagen","description":"","potentialAction":[{"@type":"SearchAction","target":{"@type":"EntryPoint","urlTemplate":"https:\/\/www.sakerhetsforetagen.se\/?s={search_term_string}"},"query-input":{"@type":"PropertyValueSpecification","valueRequired":true,"valueName":"search_term_string"}}],"inLanguage":"sv-SE"},{"@type":"Person","@id":"https:\/\/www.sakerhetsforetagen.se\/#\/schema\/person\/b8fb1f06c5873724408d7b84a9413c10","name":"Pontus Lindstr\u00f6m","image":{"@type":"ImageObject","inLanguage":"sv-SE","@id":"https:\/\/www.sakerhetsforetagen.se\/#\/schema\/person\/image\/","url":"https:\/\/secure.gravatar.com\/avatar\/632a95919c36ce5d60038328122952c88471e469f32339875062cf6161411ade?s=96&d=mm&r=g","contentUrl":"https:\/\/secure.gravatar.com\/avatar\/632a95919c36ce5d60038328122952c88471e469f32339875062cf6161411ade?s=96&d=mm&r=g","caption":"Pontus Lindstr\u00f6m"},"url":"https:\/\/www.sakerhetsforetagen.se\/person\/pontuslindstrom\/"}]}},"_links":{"self":[{"href":"https:\/\/www.sakerhetsforetagen.se\/api\/wp\/v2\/posts\/1849","targetHints":{"allow":["GET"]}}],"collection":[{"href":"https:\/\/www.sakerhetsforetagen.se\/api\/wp\/v2\/posts"}],"about":[{"href":"https:\/\/www.sakerhetsforetagen.se\/api\/wp\/v2\/types\/post"}],"author":[{"embeddable":true,"href":"https:\/\/www.sakerhetsforetagen.se\/api\/wp\/v2\/users\/18172"}],"replies":[{"embeddable":true,"href":"https:\/\/www.sakerhetsforetagen.se\/api\/wp\/v2\/comments?post=1849"}],"version-history":[{"count":4,"href":"https:\/\/www.sakerhetsforetagen.se\/api\/wp\/v2\/posts\/1849\/revisions"}],"predecessor-version":[{"id":1854,"href":"https:\/\/www.sakerhetsforetagen.se\/api\/wp\/v2\/posts\/1849\/revisions\/1854"}],"wp:featuredmedia":[{"embeddable":true,"href":"https:\/\/www.sakerhetsforetagen.se\/api\/wp\/v2\/media\/1850"}],"wp:attachment":[{"href":"https:\/\/www.sakerhetsforetagen.se\/api\/wp\/v2\/media?parent=1849"}],"wp:term":[{"taxonomy":"category","embeddable":true,"href":"https:\/\/www.sakerhetsforetagen.se\/api\/wp\/v2\/categories?post=1849"},{"taxonomy":"post_tag","embeddable":true,"href":"https:\/\/www.sakerhetsforetagen.se\/api\/wp\/v2\/tags?post=1849"},{"taxonomy":"type","embeddable":true,"href":"https:\/\/www.sakerhetsforetagen.se\/api\/wp\/v2\/article_type?post=1849"},{"taxonomy":"agreement","embeddable":true,"href":"https:\/\/www.sakerhetsforetagen.se\/api\/wp\/v2\/agreement?post=1849"},{"taxonomy":"for-members","embeddable":true,"href":"https:\/\/www.sakerhetsforetagen.se\/api\/wp\/v2\/for-members?post=1849"}],"curies":[{"name":"wp","href":"https:\/\/api.w.org\/{rel}","templated":true}]}}