{"id":1825,"date":"2024-04-03T14:29:37","date_gmt":"2024-04-03T12:29:37","guid":{"rendered":"https:\/\/www.sakerhetsforetagen.se\/?p=1825"},"modified":"2024-04-03T14:30:59","modified_gmt":"2024-04-03T12:30:59","slug":"huggsexa-om-beredskaps-och-sakerhetspersonal","status":"publish","type":"post","link":"https:\/\/www.sakerhetsforetagen.se\/2024\/04\/03\/huggsexa-om-beredskaps-och-sakerhetspersonal\/","title":{"rendered":"Huggsexa om beredskaps- och s\u00e4kerhets&shy;personal"},"content":{"rendered":"<p class=\"intro\">S\u00e4kerhetsf\u00f6retagens n\u00e4ringspolitiska chef Pontus Lindstr\u00f6m kommenterade bristen p\u00e5 personal inom s\u00e4kerhetssektorn i Sveriges Radio.<\/p>\n\n<p>M\u00e5nga kommuner och regioner v\u00e4xlar nu upp sitt beredskaps- och s\u00e4kerhetsarbete, men har sv\u00e5rt att f\u00e5 tag p\u00e5 personal med r\u00e4tt kompetens. Samtidigt upplever \u00e4ven de privata f\u00f6retagen en brist.<\/p>\n\n\n\n<p>\u201dHela sektorn \u00e4r v\u00e4ldigt expansiv, men det finns inte tillr\u00e4ckligt med personal\u201d s\u00e4ger Pontus Lindstr\u00f6m n\u00e4ringspolitisk chef p\u00e5 S\u00e4kerhetsf\u00f6retagen.<\/p>\n\n\n\n<p>L\u00e4nk till inslaget finns h\u00e4r: <a href=\"https:\/\/sverigesradio.se\/artikel\/huggsexa-om-beredskaps-och-sakerhetspersonal\">https:\/\/sverigesradio.se\/artikel\/huggsexa-om-beredskaps-och-sakerhetspersonal<\/a><\/p>\n","protected":false},"excerpt":{"rendered":"<p>M\u00e5nga kommuner och regioner v\u00e4xlar nu upp sitt beredskaps- och s\u00e4kerhetsarbete, men har sv\u00e5rt att f\u00e5 tag p\u00e5 personal med r\u00e4tt kompetens. Samtidigt upplever \u00e4ven de privata f\u00f6retagen en brist. \u201dHela sektorn \u00e4r v\u00e4ldigt expansiv, &hellip;<\/p>\n","protected":false},"author":18172,"featured_media":1826,"comment_status":"open","ping_status":"open","sticky":false,"template":"","format":"standard","meta":{"_acf_changed":false,"footnotes":""},"categories":[155],"tags":[],"article_type":[],"agreement":[],"for-members":[],"class_list":["post-1825","post","type-post","status-publish","format-standard","has-post-thumbnail","hentry","category-aktuellt"],"acf":[],"yoast_head":"<!-- This site is optimized with the Yoast SEO plugin v26.8 - https:\/\/yoast.com\/product\/yoast-seo-wordpress\/ -->\n<title>Huggsexa om beredskaps- och s\u00e4kerhetspersonal - S\u00e4kerhetsf\u00f6retagen<\/title>\n<meta name=\"robots\" content=\"index, follow, max-snippet:-1, max-image-preview:large, max-video-preview:-1\" \/>\n<link rel=\"canonical\" href=\"https:\/\/www.sakerhetsforetagen.se\/2024\/04\/03\/huggsexa-om-beredskaps-och-sakerhetspersonal\/\" \/>\n<meta property=\"og:locale\" content=\"sv_SE\" \/>\n<meta property=\"og:type\" content=\"article\" \/>\n<meta property=\"og:title\" content=\"Huggsexa om beredskaps- och s\u00e4kerhetspersonal - S\u00e4kerhetsf\u00f6retagen\" \/>\n<meta property=\"og:description\" content=\"M\u00e5nga kommuner och regioner v\u00e4xlar nu upp sitt beredskaps- och s\u00e4kerhetsarbete, men har sv\u00e5rt att f\u00e5 tag p\u00e5 personal med r\u00e4tt kompetens. Samtidigt upplever \u00e4ven de privata f\u00f6retagen en brist. \u201dHela sektorn \u00e4r v\u00e4ldigt expansiv, &hellip;\" \/>\n<meta property=\"og:url\" content=\"https:\/\/www.sakerhetsforetagen.se\/2024\/04\/03\/huggsexa-om-beredskaps-och-sakerhetspersonal\/\" \/>\n<meta property=\"og:site_name\" content=\"S\u00e4kerhetsf\u00f6retagen\" \/>\n<meta property=\"article:published_time\" content=\"2024-04-03T12:29:37+00:00\" \/>\n<meta property=\"article:modified_time\" content=\"2024-04-03T12:30:59+00:00\" \/>\n<meta property=\"og:image\" content=\"https:\/\/www.sakerhetsforetagen.se\/app\/uploads\/sites\/11\/2024\/04\/sca31544-1024x683.jpg\" \/>\n\t<meta property=\"og:image:width\" content=\"1024\" \/>\n\t<meta property=\"og:image:height\" content=\"683\" \/>\n\t<meta property=\"og:image:type\" content=\"image\/jpeg\" \/>\n<meta name=\"author\" content=\"Pontus Lindstr\u00f6m\" \/>\n<meta name=\"twitter:card\" content=\"summary_large_image\" \/>\n<meta name=\"twitter:label1\" content=\"Skriven av\" \/>\n\t<meta name=\"twitter:data1\" content=\"Pontus Lindstr\u00f6m\" \/>\n\t<meta name=\"twitter:label2\" content=\"Ber\u00e4knad l\u00e4stid\" \/>\n\t<meta name=\"twitter:data2\" content=\"1 minut\" \/>\n<!-- \/ Yoast SEO plugin. -->","yoast_head_json":{"title":"Huggsexa om beredskaps- och s\u00e4kerhetspersonal - S\u00e4kerhetsf\u00f6retagen","robots":{"index":"index","follow":"follow","max-snippet":"max-snippet:-1","max-image-preview":"max-image-preview:large","max-video-preview":"max-video-preview:-1"},"canonical":"https:\/\/www.sakerhetsforetagen.se\/2024\/04\/03\/huggsexa-om-beredskaps-och-sakerhetspersonal\/","og_locale":"sv_SE","og_type":"article","og_title":"Huggsexa om beredskaps- och s\u00e4kerhetspersonal - S\u00e4kerhetsf\u00f6retagen","og_description":"M\u00e5nga kommuner och regioner v\u00e4xlar nu upp sitt beredskaps- och s\u00e4kerhetsarbete, men har sv\u00e5rt att f\u00e5 tag p\u00e5 personal med r\u00e4tt kompetens. Samtidigt upplever \u00e4ven de privata f\u00f6retagen en brist. \u201dHela sektorn \u00e4r v\u00e4ldigt expansiv, &hellip;","og_url":"https:\/\/www.sakerhetsforetagen.se\/2024\/04\/03\/huggsexa-om-beredskaps-och-sakerhetspersonal\/","og_site_name":"S\u00e4kerhetsf\u00f6retagen","article_published_time":"2024-04-03T12:29:37+00:00","article_modified_time":"2024-04-03T12:30:59+00:00","og_image":[{"width":1024,"height":683,"url":"https:\/\/www.sakerhetsforetagen.se\/app\/uploads\/sites\/11\/2024\/04\/sca31544-1024x683.jpg","type":"image\/jpeg"}],"author":"Pontus Lindstr\u00f6m","twitter_card":"summary_large_image","twitter_misc":{"Skriven av":"Pontus Lindstr\u00f6m","Ber\u00e4knad l\u00e4stid":"1 minut"},"schema":{"@context":"https:\/\/schema.org","@graph":[{"@type":"Article","@id":"https:\/\/www.sakerhetsforetagen.se\/2024\/04\/03\/huggsexa-om-beredskaps-och-sakerhetspersonal\/#article","isPartOf":{"@id":"https:\/\/www.sakerhetsforetagen.se\/2024\/04\/03\/huggsexa-om-beredskaps-och-sakerhetspersonal\/"},"author":{"name":"Pontus Lindstr\u00f6m","@id":"https:\/\/www.sakerhetsforetagen.se\/#\/schema\/person\/b8fb1f06c5873724408d7b84a9413c10"},"headline":"Huggsexa om beredskaps- och s\u00e4kerhets&shy;personal","datePublished":"2024-04-03T12:29:37+00:00","dateModified":"2024-04-03T12:30:59+00:00","mainEntityOfPage":{"@id":"https:\/\/www.sakerhetsforetagen.se\/2024\/04\/03\/huggsexa-om-beredskaps-och-sakerhetspersonal\/"},"wordCount":80,"commentCount":0,"image":{"@id":"https:\/\/www.sakerhetsforetagen.se\/2024\/04\/03\/huggsexa-om-beredskaps-och-sakerhetspersonal\/#primaryimage"},"thumbnailUrl":"https:\/\/www.sakerhetsforetagen.se\/app\/uploads\/sites\/11\/2024\/04\/sca31544.jpg","articleSection":["Aktuellt"],"inLanguage":"sv-SE","potentialAction":[{"@type":"CommentAction","name":"Comment","target":["https:\/\/www.sakerhetsforetagen.se\/2024\/04\/03\/huggsexa-om-beredskaps-och-sakerhetspersonal\/#respond"]}]},{"@type":"WebPage","@id":"https:\/\/www.sakerhetsforetagen.se\/2024\/04\/03\/huggsexa-om-beredskaps-och-sakerhetspersonal\/","url":"https:\/\/www.sakerhetsforetagen.se\/2024\/04\/03\/huggsexa-om-beredskaps-och-sakerhetspersonal\/","name":"Huggsexa om beredskaps- och s\u00e4kerhetspersonal - S\u00e4kerhetsf\u00f6retagen","isPartOf":{"@id":"https:\/\/www.sakerhetsforetagen.se\/#website"},"primaryImageOfPage":{"@id":"https:\/\/www.sakerhetsforetagen.se\/2024\/04\/03\/huggsexa-om-beredskaps-och-sakerhetspersonal\/#primaryimage"},"image":{"@id":"https:\/\/www.sakerhetsforetagen.se\/2024\/04\/03\/huggsexa-om-beredskaps-och-sakerhetspersonal\/#primaryimage"},"thumbnailUrl":"https:\/\/www.sakerhetsforetagen.se\/app\/uploads\/sites\/11\/2024\/04\/sca31544.jpg","datePublished":"2024-04-03T12:29:37+00:00","dateModified":"2024-04-03T12:30:59+00:00","author":{"@id":"https:\/\/www.sakerhetsforetagen.se\/#\/schema\/person\/b8fb1f06c5873724408d7b84a9413c10"},"breadcrumb":{"@id":"https:\/\/www.sakerhetsforetagen.se\/2024\/04\/03\/huggsexa-om-beredskaps-och-sakerhetspersonal\/#breadcrumb"},"inLanguage":"sv-SE","potentialAction":[{"@type":"ReadAction","target":["https:\/\/www.sakerhetsforetagen.se\/2024\/04\/03\/huggsexa-om-beredskaps-och-sakerhetspersonal\/"]}]},{"@type":"ImageObject","inLanguage":"sv-SE","@id":"https:\/\/www.sakerhetsforetagen.se\/2024\/04\/03\/huggsexa-om-beredskaps-och-sakerhetspersonal\/#primaryimage","url":"https:\/\/www.sakerhetsforetagen.se\/app\/uploads\/sites\/11\/2024\/04\/sca31544.jpg","contentUrl":"https:\/\/www.sakerhetsforetagen.se\/app\/uploads\/sites\/11\/2024\/04\/sca31544.jpg","width":2500,"height":1667},{"@type":"BreadcrumbList","@id":"https:\/\/www.sakerhetsforetagen.se\/2024\/04\/03\/huggsexa-om-beredskaps-och-sakerhetspersonal\/#breadcrumb","itemListElement":[{"@type":"ListItem","position":1,"name":"Home","item":"https:\/\/www.sakerhetsforetagen.se\/"},{"@type":"ListItem","position":2,"name":"Huggsexa om beredskaps- och s\u00e4kerhets&shy;personal"}]},{"@type":"WebSite","@id":"https:\/\/www.sakerhetsforetagen.se\/#website","url":"https:\/\/www.sakerhetsforetagen.se\/","name":"S\u00e4kerhetsf\u00f6retagen","description":"","potentialAction":[{"@type":"SearchAction","target":{"@type":"EntryPoint","urlTemplate":"https:\/\/www.sakerhetsforetagen.se\/?s={search_term_string}"},"query-input":{"@type":"PropertyValueSpecification","valueRequired":true,"valueName":"search_term_string"}}],"inLanguage":"sv-SE"},{"@type":"Person","@id":"https:\/\/www.sakerhetsforetagen.se\/#\/schema\/person\/b8fb1f06c5873724408d7b84a9413c10","name":"Pontus Lindstr\u00f6m","image":{"@type":"ImageObject","inLanguage":"sv-SE","@id":"https:\/\/www.sakerhetsforetagen.se\/#\/schema\/person\/image\/","url":"https:\/\/secure.gravatar.com\/avatar\/632a95919c36ce5d60038328122952c88471e469f32339875062cf6161411ade?s=96&d=mm&r=g","contentUrl":"https:\/\/secure.gravatar.com\/avatar\/632a95919c36ce5d60038328122952c88471e469f32339875062cf6161411ade?s=96&d=mm&r=g","caption":"Pontus Lindstr\u00f6m"},"url":"https:\/\/www.sakerhetsforetagen.se\/person\/pontuslindstrom\/"}]}},"_links":{"self":[{"href":"https:\/\/www.sakerhetsforetagen.se\/api\/wp\/v2\/posts\/1825","targetHints":{"allow":["GET"]}}],"collection":[{"href":"https:\/\/www.sakerhetsforetagen.se\/api\/wp\/v2\/posts"}],"about":[{"href":"https:\/\/www.sakerhetsforetagen.se\/api\/wp\/v2\/types\/post"}],"author":[{"embeddable":true,"href":"https:\/\/www.sakerhetsforetagen.se\/api\/wp\/v2\/users\/18172"}],"replies":[{"embeddable":true,"href":"https:\/\/www.sakerhetsforetagen.se\/api\/wp\/v2\/comments?post=1825"}],"version-history":[{"count":5,"href":"https:\/\/www.sakerhetsforetagen.se\/api\/wp\/v2\/posts\/1825\/revisions"}],"predecessor-version":[{"id":1831,"href":"https:\/\/www.sakerhetsforetagen.se\/api\/wp\/v2\/posts\/1825\/revisions\/1831"}],"wp:featuredmedia":[{"embeddable":true,"href":"https:\/\/www.sakerhetsforetagen.se\/api\/wp\/v2\/media\/1826"}],"wp:attachment":[{"href":"https:\/\/www.sakerhetsforetagen.se\/api\/wp\/v2\/media?parent=1825"}],"wp:term":[{"taxonomy":"category","embeddable":true,"href":"https:\/\/www.sakerhetsforetagen.se\/api\/wp\/v2\/categories?post=1825"},{"taxonomy":"post_tag","embeddable":true,"href":"https:\/\/www.sakerhetsforetagen.se\/api\/wp\/v2\/tags?post=1825"},{"taxonomy":"type","embeddable":true,"href":"https:\/\/www.sakerhetsforetagen.se\/api\/wp\/v2\/article_type?post=1825"},{"taxonomy":"agreement","embeddable":true,"href":"https:\/\/www.sakerhetsforetagen.se\/api\/wp\/v2\/agreement?post=1825"},{"taxonomy":"for-members","embeddable":true,"href":"https:\/\/www.sakerhetsforetagen.se\/api\/wp\/v2\/for-members?post=1825"}],"curies":[{"name":"wp","href":"https:\/\/api.w.org\/{rel}","templated":true}]}}