{"id":1786,"date":"2024-02-06T06:47:55","date_gmt":"2024-02-06T05:47:55","guid":{"rendered":"https:\/\/www.sakerhetsforetagen.se\/?p=1786"},"modified":"2024-02-06T07:29:39","modified_gmt":"2024-02-06T06:29:39","slug":"fortsatt-expansion-i-sakerhetsbranschen-brist-pa-arbetskraft-begransar","status":"publish","type":"post","link":"https:\/\/www.sakerhetsforetagen.se\/2024\/02\/06\/fortsatt-expansion-i-sakerhetsbranschen-brist-pa-arbetskraft-begransar\/","title":{"rendered":"Fortsatt expansion i s\u00e4kerhets&shy;branschen &#8211; brist p\u00e5 arbetskraft begr\u00e4nsar"},"content":{"rendered":"<p class=\"intro\">Efterfr\u00e5gan p\u00e5 s\u00e4kerhetstj\u00e4nster och s\u00e4kerhetssystem \u00e4r fortsatt h\u00f6g i en tid d\u00e5 kriminalitet och otrygghet \u00e4r en omfattande utmaning f\u00f6r allm\u00e4nheten, n\u00e4ringslivet och den offentliga sektorn.\u00a0Samtidigt uppger 9 av 10 s\u00e4kerhetsf\u00f6retag att man f\u00f6r n\u00e4rvarande har brist p\u00e5 personal.<\/p>\n\n<p>P\u00e5 samh\u00e4llsniv\u00e5 finns ett omfattande behov och intresse av att st\u00e4rka tryggheten och \u00f6ka s\u00e4kerheten. Det \u00e5terspeglas i en fortsatt stark tillv\u00e4xt bland f\u00f6retagen som levererar s\u00e4kerhetstj\u00e4nster och s\u00e4kerhetsl\u00f6sningar i Sverige. Hela 84 procent av s\u00e4kerhetsf\u00f6retagen uppger att de \u00f6kade sin personalstyrka under det fj\u00e4rde kvartalet 2023, enligt S\u00e4kerhetsf\u00f6retagens konjunkturbarometer. Samtidigt uppger 87 procent av f\u00f6retagen att man f\u00f6r n\u00e4rvarande har brist p\u00e5 personal.<\/p>\n\n\n\n<p>Pontus Lindstr\u00f6m tilltr\u00e4dde nyligen tj\u00e4nsten som n\u00e4ringspolitisk chef p\u00e5 S\u00e4kerhetsf\u00f6retagen.&nbsp;<\/p>\n\n\n\n<p>&#8211; S\u00e4kerhetsl\u00e4get i Sverige \u00e4r allvarligt. Det finns en bred palett av inre och yttre hot, inklusive den senaste tidens cyberattacker mot f\u00f6retag och myndigheter. Det \u00e4r avg\u00f6rande att s\u00e4kerhetsbranschen ges goda villkor att forts\u00e4tta v\u00e4xa runtom i landet s\u00e5 att kriminaliteten och otryggheten kan pressas tillbaka, s\u00e4ger Pontus Lindstr\u00f6m.<\/p>\n\n\n\n<p><strong>H\u00f6jd beredskap kan dubblera personalbehovet<\/strong><\/p>\n\n\n\n<p>Branschen sp\u00e5r en fortsatt stark tillv\u00e4xt under b\u00f6rjan av 2024 d\u00e4r 84 procent av f\u00f6retagen uppger att de f\u00f6rv\u00e4ntar sig en \u00f6kad efterfr\u00e5gan under kommande sex m\u00e5nader. Enligt Pontus Lindstr\u00f6m \u00e4r en viktig fr\u00e5ga sektorns utveckling om regeringen h\u00f6jer beredskapen i f\u00f6rberedelse av krigshot.<\/p>\n\n\n\n<p>&#8211; D\u00e5 kommer F\u00f6rsvarsmakten att ta m\u00e5nga av de som arbetar i s\u00e4kerhetsbranschen i anspr\u00e5k f\u00f6r krigsplacering samtidigt som behovet av personella resurser i s\u00e4kerhetsbranschen enligt ber\u00e4kningar kan dubblas. Den kompetensf\u00f6rs\u00f6rjningen kommer att bli utmanande att klara av. Att fler f\u00e5r kompetens att jobba med trygghetsskapande l\u00f6sningar \u00e4r d\u00e4rf\u00f6r viktigt f\u00f6r att l\u00e4gga grunden f\u00f6r framtidens trygghet.<\/p>\n\n\n\n<p><strong>Kommuner b\u00f6r nyttja lokala s\u00e4kerhetsf\u00f6retag<\/strong><\/p>\n\n\n\n<p>Sedan sommaren 2023 finns lagstiftning som inneb\u00e4r att kommunerna har ett brottsf\u00f6rebyggande ansvar. Senast 1 juli 2024 ska kommunerna presentera konkreta \u00e5tg\u00e4rdsplaner f\u00f6r det brottsf\u00f6rebyggande arbetet. Pontus Lindstr\u00f6m menar att det \u00e4r viktigt att satsningar sker i hela landet f\u00f6r att st\u00e4rka tryggheten p\u00e5 skolor, torg och andra offentliga ytor. Det g\u00e4ller \u00e4ven n\u00e4r det kommer till digital s\u00e4kerhet f\u00f6r kommuninv\u00e5narna.<\/p>\n\n\n\n<p>&#8211; M\u00e5nga medborgare upplever att kriminaliteten begr\u00e4nsar dem i livet. S\u00e4rskilt unga \u00e4r ocks\u00e5 den grupp som \u00e4r mest sannolik att uts\u00e4ttas f\u00f6r olika former av personbrott, ofta i eller i n\u00e4rheten av skolor. Att st\u00e4rka tryggheten p\u00e5 offentliga platser \u00e4r viktigt och d\u00e4rf\u00f6r beh\u00f6ver kommuner i h\u00f6gre utstr\u00e4ckning nyttja kunskapen och tj\u00e4nster i de s\u00e4kerhetsf\u00f6retag som verkar lokalt f\u00f6r att tillsammans med Polismyndigheten minska risken att personer g\u00e5r in i kriminalitet och att f\u00e4rre uts\u00e4tts f\u00f6r brott.<br><br><a href=\"https:\/\/www.sakerhetsforetagen.se\/rapporter\/\">L\u00e4s rapporten i dess helhet.<\/a><\/p>\n","protected":false},"excerpt":{"rendered":"<p>P\u00e5 samh\u00e4llsniv\u00e5 finns ett omfattande behov och intresse av att st\u00e4rka tryggheten och \u00f6ka s\u00e4kerheten. Det \u00e5terspeglas i en fortsatt stark tillv\u00e4xt bland f\u00f6retagen som levererar s\u00e4kerhetstj\u00e4nster och s\u00e4kerhetsl\u00f6sningar i Sverige. Hela 84 procent av &hellip;<\/p>\n","protected":false},"author":18172,"featured_media":1774,"comment_status":"open","ping_status":"open","sticky":false,"template":"","format":"standard","meta":{"_acf_changed":false,"footnotes":""},"categories":[155],"tags":[],"article_type":[],"agreement":[],"for-members":[],"class_list":["post-1786","post","type-post","status-publish","format-standard","has-post-thumbnail","hentry","category-aktuellt"],"acf":[],"yoast_head":"<!-- This site is optimized with the Yoast SEO plugin v26.8 - https:\/\/yoast.com\/product\/yoast-seo-wordpress\/ -->\n<title>Fortsatt expansion i s\u00e4kerhetsbranschen - brist p\u00e5 arbetskraft begr\u00e4nsar - S\u00e4kerhetsf\u00f6retagen<\/title>\n<meta name=\"robots\" content=\"index, follow, max-snippet:-1, max-image-preview:large, max-video-preview:-1\" \/>\n<link rel=\"canonical\" href=\"https:\/\/www.sakerhetsforetagen.se\/2024\/02\/06\/fortsatt-expansion-i-sakerhetsbranschen-brist-pa-arbetskraft-begransar\/\" \/>\n<meta property=\"og:locale\" content=\"sv_SE\" \/>\n<meta property=\"og:type\" content=\"article\" \/>\n<meta property=\"og:title\" content=\"Fortsatt expansion i s\u00e4kerhetsbranschen - brist p\u00e5 arbetskraft begr\u00e4nsar - S\u00e4kerhetsf\u00f6retagen\" \/>\n<meta property=\"og:description\" content=\"P\u00e5 samh\u00e4llsniv\u00e5 finns ett omfattande behov och intresse av att st\u00e4rka tryggheten och \u00f6ka s\u00e4kerheten. Det \u00e5terspeglas i en fortsatt stark tillv\u00e4xt bland f\u00f6retagen som levererar s\u00e4kerhetstj\u00e4nster och s\u00e4kerhetsl\u00f6sningar i Sverige. Hela 84 procent av &hellip;\" \/>\n<meta property=\"og:url\" content=\"https:\/\/www.sakerhetsforetagen.se\/2024\/02\/06\/fortsatt-expansion-i-sakerhetsbranschen-brist-pa-arbetskraft-begransar\/\" \/>\n<meta property=\"og:site_name\" content=\"S\u00e4kerhetsf\u00f6retagen\" \/>\n<meta property=\"article:published_time\" content=\"2024-02-06T05:47:55+00:00\" \/>\n<meta property=\"article:modified_time\" content=\"2024-02-06T06:29:39+00:00\" \/>\n<meta property=\"og:image\" content=\"https:\/\/www.sakerhetsforetagen.se\/app\/uploads\/sites\/11\/2023\/09\/DSC04811.png\" \/>\n\t<meta property=\"og:image:width\" content=\"1200\" \/>\n\t<meta property=\"og:image:height\" content=\"675\" \/>\n\t<meta property=\"og:image:type\" content=\"image\/png\" \/>\n<meta name=\"author\" content=\"Pontus Lindstr\u00f6m\" \/>\n<meta name=\"twitter:card\" content=\"summary_large_image\" \/>\n<meta name=\"twitter:label1\" content=\"Skriven av\" \/>\n\t<meta name=\"twitter:data1\" content=\"Pontus Lindstr\u00f6m\" \/>\n\t<meta name=\"twitter:label2\" content=\"Ber\u00e4knad l\u00e4stid\" \/>\n\t<meta name=\"twitter:data2\" content=\"2 minuter\" \/>\n<!-- \/ Yoast SEO plugin. -->","yoast_head_json":{"title":"Fortsatt expansion i s\u00e4kerhetsbranschen - brist p\u00e5 arbetskraft begr\u00e4nsar - S\u00e4kerhetsf\u00f6retagen","robots":{"index":"index","follow":"follow","max-snippet":"max-snippet:-1","max-image-preview":"max-image-preview:large","max-video-preview":"max-video-preview:-1"},"canonical":"https:\/\/www.sakerhetsforetagen.se\/2024\/02\/06\/fortsatt-expansion-i-sakerhetsbranschen-brist-pa-arbetskraft-begransar\/","og_locale":"sv_SE","og_type":"article","og_title":"Fortsatt expansion i s\u00e4kerhetsbranschen - brist p\u00e5 arbetskraft begr\u00e4nsar - S\u00e4kerhetsf\u00f6retagen","og_description":"P\u00e5 samh\u00e4llsniv\u00e5 finns ett omfattande behov och intresse av att st\u00e4rka tryggheten och \u00f6ka s\u00e4kerheten. Det \u00e5terspeglas i en fortsatt stark tillv\u00e4xt bland f\u00f6retagen som levererar s\u00e4kerhetstj\u00e4nster och s\u00e4kerhetsl\u00f6sningar i Sverige. Hela 84 procent av &hellip;","og_url":"https:\/\/www.sakerhetsforetagen.se\/2024\/02\/06\/fortsatt-expansion-i-sakerhetsbranschen-brist-pa-arbetskraft-begransar\/","og_site_name":"S\u00e4kerhetsf\u00f6retagen","article_published_time":"2024-02-06T05:47:55+00:00","article_modified_time":"2024-02-06T06:29:39+00:00","og_image":[{"width":1200,"height":675,"url":"https:\/\/www.sakerhetsforetagen.se\/app\/uploads\/sites\/11\/2023\/09\/DSC04811.png","type":"image\/png"}],"author":"Pontus Lindstr\u00f6m","twitter_card":"summary_large_image","twitter_misc":{"Skriven av":"Pontus Lindstr\u00f6m","Ber\u00e4knad l\u00e4stid":"2 minuter"},"schema":{"@context":"https:\/\/schema.org","@graph":[{"@type":"Article","@id":"https:\/\/www.sakerhetsforetagen.se\/2024\/02\/06\/fortsatt-expansion-i-sakerhetsbranschen-brist-pa-arbetskraft-begransar\/#article","isPartOf":{"@id":"https:\/\/www.sakerhetsforetagen.se\/2024\/02\/06\/fortsatt-expansion-i-sakerhetsbranschen-brist-pa-arbetskraft-begransar\/"},"author":{"name":"Pontus Lindstr\u00f6m","@id":"https:\/\/www.sakerhetsforetagen.se\/#\/schema\/person\/b8fb1f06c5873724408d7b84a9413c10"},"headline":"Fortsatt expansion i s\u00e4kerhets&shy;branschen &#8211; brist p\u00e5 arbetskraft begr\u00e4nsar","datePublished":"2024-02-06T05:47:55+00:00","dateModified":"2024-02-06T06:29:39+00:00","mainEntityOfPage":{"@id":"https:\/\/www.sakerhetsforetagen.se\/2024\/02\/06\/fortsatt-expansion-i-sakerhetsbranschen-brist-pa-arbetskraft-begransar\/"},"wordCount":482,"commentCount":0,"image":{"@id":"https:\/\/www.sakerhetsforetagen.se\/2024\/02\/06\/fortsatt-expansion-i-sakerhetsbranschen-brist-pa-arbetskraft-begransar\/#primaryimage"},"thumbnailUrl":"https:\/\/www.sakerhetsforetagen.se\/app\/uploads\/sites\/11\/2023\/09\/DSC04811.png","articleSection":["Aktuellt"],"inLanguage":"sv-SE","potentialAction":[{"@type":"CommentAction","name":"Comment","target":["https:\/\/www.sakerhetsforetagen.se\/2024\/02\/06\/fortsatt-expansion-i-sakerhetsbranschen-brist-pa-arbetskraft-begransar\/#respond"]}]},{"@type":"WebPage","@id":"https:\/\/www.sakerhetsforetagen.se\/2024\/02\/06\/fortsatt-expansion-i-sakerhetsbranschen-brist-pa-arbetskraft-begransar\/","url":"https:\/\/www.sakerhetsforetagen.se\/2024\/02\/06\/fortsatt-expansion-i-sakerhetsbranschen-brist-pa-arbetskraft-begransar\/","name":"Fortsatt expansion i s\u00e4kerhetsbranschen - brist p\u00e5 arbetskraft begr\u00e4nsar - S\u00e4kerhetsf\u00f6retagen","isPartOf":{"@id":"https:\/\/www.sakerhetsforetagen.se\/#website"},"primaryImageOfPage":{"@id":"https:\/\/www.sakerhetsforetagen.se\/2024\/02\/06\/fortsatt-expansion-i-sakerhetsbranschen-brist-pa-arbetskraft-begransar\/#primaryimage"},"image":{"@id":"https:\/\/www.sakerhetsforetagen.se\/2024\/02\/06\/fortsatt-expansion-i-sakerhetsbranschen-brist-pa-arbetskraft-begransar\/#primaryimage"},"thumbnailUrl":"https:\/\/www.sakerhetsforetagen.se\/app\/uploads\/sites\/11\/2023\/09\/DSC04811.png","datePublished":"2024-02-06T05:47:55+00:00","dateModified":"2024-02-06T06:29:39+00:00","author":{"@id":"https:\/\/www.sakerhetsforetagen.se\/#\/schema\/person\/b8fb1f06c5873724408d7b84a9413c10"},"breadcrumb":{"@id":"https:\/\/www.sakerhetsforetagen.se\/2024\/02\/06\/fortsatt-expansion-i-sakerhetsbranschen-brist-pa-arbetskraft-begransar\/#breadcrumb"},"inLanguage":"sv-SE","potentialAction":[{"@type":"ReadAction","target":["https:\/\/www.sakerhetsforetagen.se\/2024\/02\/06\/fortsatt-expansion-i-sakerhetsbranschen-brist-pa-arbetskraft-begransar\/"]}]},{"@type":"ImageObject","inLanguage":"sv-SE","@id":"https:\/\/www.sakerhetsforetagen.se\/2024\/02\/06\/fortsatt-expansion-i-sakerhetsbranschen-brist-pa-arbetskraft-begransar\/#primaryimage","url":"https:\/\/www.sakerhetsforetagen.se\/app\/uploads\/sites\/11\/2023\/09\/DSC04811.png","contentUrl":"https:\/\/www.sakerhetsforetagen.se\/app\/uploads\/sites\/11\/2023\/09\/DSC04811.png","width":1200,"height":675,"caption":"Pontus Lindstr\u00f6m, n\u00e4ringspolitisk chef S\u00e4kerhetsf\u00f6retagen"},{"@type":"BreadcrumbList","@id":"https:\/\/www.sakerhetsforetagen.se\/2024\/02\/06\/fortsatt-expansion-i-sakerhetsbranschen-brist-pa-arbetskraft-begransar\/#breadcrumb","itemListElement":[{"@type":"ListItem","position":1,"name":"Home","item":"https:\/\/www.sakerhetsforetagen.se\/"},{"@type":"ListItem","position":2,"name":"Fortsatt expansion i s\u00e4kerhets&shy;branschen &#8211; brist p\u00e5 arbetskraft begr\u00e4nsar"}]},{"@type":"WebSite","@id":"https:\/\/www.sakerhetsforetagen.se\/#website","url":"https:\/\/www.sakerhetsforetagen.se\/","name":"S\u00e4kerhetsf\u00f6retagen","description":"","potentialAction":[{"@type":"SearchAction","target":{"@type":"EntryPoint","urlTemplate":"https:\/\/www.sakerhetsforetagen.se\/?s={search_term_string}"},"query-input":{"@type":"PropertyValueSpecification","valueRequired":true,"valueName":"search_term_string"}}],"inLanguage":"sv-SE"},{"@type":"Person","@id":"https:\/\/www.sakerhetsforetagen.se\/#\/schema\/person\/b8fb1f06c5873724408d7b84a9413c10","name":"Pontus Lindstr\u00f6m","image":{"@type":"ImageObject","inLanguage":"sv-SE","@id":"https:\/\/www.sakerhetsforetagen.se\/#\/schema\/person\/image\/","url":"https:\/\/secure.gravatar.com\/avatar\/632a95919c36ce5d60038328122952c88471e469f32339875062cf6161411ade?s=96&d=mm&r=g","contentUrl":"https:\/\/secure.gravatar.com\/avatar\/632a95919c36ce5d60038328122952c88471e469f32339875062cf6161411ade?s=96&d=mm&r=g","caption":"Pontus Lindstr\u00f6m"},"url":"https:\/\/www.sakerhetsforetagen.se\/person\/pontuslindstrom\/"}]}},"_links":{"self":[{"href":"https:\/\/www.sakerhetsforetagen.se\/api\/wp\/v2\/posts\/1786","targetHints":{"allow":["GET"]}}],"collection":[{"href":"https:\/\/www.sakerhetsforetagen.se\/api\/wp\/v2\/posts"}],"about":[{"href":"https:\/\/www.sakerhetsforetagen.se\/api\/wp\/v2\/types\/post"}],"author":[{"embeddable":true,"href":"https:\/\/www.sakerhetsforetagen.se\/api\/wp\/v2\/users\/18172"}],"replies":[{"embeddable":true,"href":"https:\/\/www.sakerhetsforetagen.se\/api\/wp\/v2\/comments?post=1786"}],"version-history":[{"count":7,"href":"https:\/\/www.sakerhetsforetagen.se\/api\/wp\/v2\/posts\/1786\/revisions"}],"predecessor-version":[{"id":1804,"href":"https:\/\/www.sakerhetsforetagen.se\/api\/wp\/v2\/posts\/1786\/revisions\/1804"}],"wp:featuredmedia":[{"embeddable":true,"href":"https:\/\/www.sakerhetsforetagen.se\/api\/wp\/v2\/media\/1774"}],"wp:attachment":[{"href":"https:\/\/www.sakerhetsforetagen.se\/api\/wp\/v2\/media?parent=1786"}],"wp:term":[{"taxonomy":"category","embeddable":true,"href":"https:\/\/www.sakerhetsforetagen.se\/api\/wp\/v2\/categories?post=1786"},{"taxonomy":"post_tag","embeddable":true,"href":"https:\/\/www.sakerhetsforetagen.se\/api\/wp\/v2\/tags?post=1786"},{"taxonomy":"type","embeddable":true,"href":"https:\/\/www.sakerhetsforetagen.se\/api\/wp\/v2\/article_type?post=1786"},{"taxonomy":"agreement","embeddable":true,"href":"https:\/\/www.sakerhetsforetagen.se\/api\/wp\/v2\/agreement?post=1786"},{"taxonomy":"for-members","embeddable":true,"href":"https:\/\/www.sakerhetsforetagen.se\/api\/wp\/v2\/for-members?post=1786"}],"curies":[{"name":"wp","href":"https:\/\/api.w.org\/{rel}","templated":true}]}}