{"id":1619,"date":"2023-12-11T16:49:17","date_gmt":"2023-12-11T15:49:17","guid":{"rendered":"https:\/\/www.sakerhetsforetagen.se\/?p=1619"},"modified":"2024-01-17T14:50:49","modified_gmt":"2024-01-17T13:50:49","slug":"halla-pontus-lindstrom-ny-naringspolitisk-chef-pa-sakerhetsforetagen-vem-ar-du","status":"publish","type":"post","link":"https:\/\/www.sakerhetsforetagen.se\/2023\/12\/11\/halla-pontus-lindstrom-ny-naringspolitisk-chef-pa-sakerhetsforetagen-vem-ar-du\/","title":{"rendered":"Hall\u00e5 Pontus Lindstr\u00f6m \u2013 ny n\u00e4ringspolitisk chef p\u00e5 S\u00e4kerhets&shy;f\u00f6retagen! Vem \u00e4r du?"},"content":{"rendered":"<p class=\"intro\">M\u00f6t S\u00e4kerhetsf\u00f6retagens nye n\u00e4ringspolitiske chef, Pontus Lindstr\u00f6m.<\/p>\n<a class='Share__link Share__link--url copy-text' href='#' rel='nofollow' data-text='vem-ar-du?' title='Dela url' data-confirmation='L\u00e4nken kopierades till urklipp'><svg class='icon icon--link'  width='18' height='18' viewBox='0 0 18 18' fill='none' xmlns='http:\/\/www.w3.org\/2000\/svg'>\n            <path d='M10.4142 0.514721L6.87868 4.05025L8.29289 5.46447L11.1213 2.63604L15.364 6.87868L12.5355 9.70711L13.9497 11.1213L17.4853 7.58579C17.8763 7.19476 17.8763 6.5626 17.4853 6.17158L11.8284 0.514721C11.4374 0.123691 10.8052 0.123691 10.4142 0.514721Z' fill='black'\/>\n            <path d='M9.7071 12.5355L6.87868 15.364L2.63604 11.1213L5.46446 8.2929L4.05025 6.87868L0.514716 10.4142C0.123686 10.8052 0.123686 11.4374 0.514716 11.8284L6.17157 17.4853C6.5626 17.8763 7.19475 17.8763 7.58578 17.4853L11.1213 13.9497L9.7071 12.5355Z' fill='black'\/>\n            <path d='M6.17157 11.8284C6.5626 12.2195 7.19475 12.2195 7.58578 11.8284L11.8284 7.58579C12.2195 7.19476 12.2195 6.56261 11.8284 6.17158C11.4374 5.78055 10.8052 5.78055 10.4142 6.17158L6.17157 10.4142C5.78054 10.8052 5.78054 11.4374 6.17157 11.8284Z' fill='black'\/>\n            <\/svg> <\/a>\n<h2 class=\"wp-block-heading\"><strong>Vem \u00e4r<\/strong> <strong>du?<\/strong><\/h2>\n\n\n\n<p>\u2013 Jag v\u00e4xte upp i Sk\u00e5ne och studerade i Lund. Under de senaste tio \u00e5ren har jag i olika former jobbat f\u00f6r att st\u00e4rka f\u00f6retagens villkor, f\u00f6rst p\u00e5 Svenskt N\u00e4ringsliv och senast p\u00e5 F\u00f6retagarna d\u00e4r jag hade en tj\u00e4nst som brott- och s\u00e4kerhetsexpert.<\/p>\n\n\n<a class='Share__link Share__link--url copy-text' href='#' rel='nofollow' data-text='vad-kommer-du-arbeta-med?' title='Dela url' data-confirmation='L\u00e4nken kopierades till urklipp'><svg class='icon icon--link'  width='18' height='18' viewBox='0 0 18 18' fill='none' xmlns='http:\/\/www.w3.org\/2000\/svg'>\n            <path d='M10.4142 0.514721L6.87868 4.05025L8.29289 5.46447L11.1213 2.63604L15.364 6.87868L12.5355 9.70711L13.9497 11.1213L17.4853 7.58579C17.8763 7.19476 17.8763 6.5626 17.4853 6.17158L11.8284 0.514721C11.4374 0.123691 10.8052 0.123691 10.4142 0.514721Z' fill='black'\/>\n            <path d='M9.7071 12.5355L6.87868 15.364L2.63604 11.1213L5.46446 8.2929L4.05025 6.87868L0.514716 10.4142C0.123686 10.8052 0.123686 11.4374 0.514716 11.8284L6.17157 17.4853C6.5626 17.8763 7.19475 17.8763 7.58578 17.4853L11.1213 13.9497L9.7071 12.5355Z' fill='black'\/>\n            <path d='M6.17157 11.8284C6.5626 12.2195 7.19475 12.2195 7.58578 11.8284L11.8284 7.58579C12.2195 7.19476 12.2195 6.56261 11.8284 6.17158C11.4374 5.78055 10.8052 5.78055 10.4142 6.17158L6.17157 10.4142C5.78054 10.8052 5.78054 11.4374 6.17157 11.8284Z' fill='black'\/>\n            <\/svg> <\/a>\n<h2 class=\"wp-block-heading\">Vad kommer du arbeta med?<\/h2>\n\n\n\n<p>\u2013 Det k\u00e4nns j\u00e4ttekul att nu ha tilltr\u00e4tt den viktiga rollen som n\u00e4ringspolitisk chef p\u00e5 S\u00e4kerhetsf\u00f6retagen. Mitt prim\u00e4ra fokus \u00e4r att vara S\u00e4kerhetsf\u00f6retagens r\u00f6st ut\u00e5t och jobba f\u00f6r att synligg\u00f6ra det viktiga arbete som bedrivs runt om i hela landet av stora som sm\u00e5 f\u00f6retag inom bevakning, hemlarm, parkering, brand, v\u00e4rdetransporter och s\u00e4kerhetsteknik. Samtidigt som branschen v\u00e4xer p\u00e5g\u00e5r ett omfattande f\u00f6r\u00e4ndringsarbete, inte minst kopplat till den nya lagen om ordningsvakter som tr\u00e4der i kraft vid \u00e5rsskiftet. Tillsammans med andra akt\u00f6rer ska jag och S\u00e4kerhetsf\u00f6retagen arbeta f\u00f6r att implementeringen blir s\u00e5 effektiv och smidig som m\u00f6jligt.<\/p>\n\n\n<a class='Share__link Share__link--url copy-text' href='#' rel='nofollow' data-text='vad-fick-dig-att-borja-pa-sakerhetsforetagen?' title='Dela url' data-confirmation='L\u00e4nken kopierades till urklipp'><svg class='icon icon--link'  width='18' height='18' viewBox='0 0 18 18' fill='none' xmlns='http:\/\/www.w3.org\/2000\/svg'>\n            <path d='M10.4142 0.514721L6.87868 4.05025L8.29289 5.46447L11.1213 2.63604L15.364 6.87868L12.5355 9.70711L13.9497 11.1213L17.4853 7.58579C17.8763 7.19476 17.8763 6.5626 17.4853 6.17158L11.8284 0.514721C11.4374 0.123691 10.8052 0.123691 10.4142 0.514721Z' fill='black'\/>\n            <path d='M9.7071 12.5355L6.87868 15.364L2.63604 11.1213L5.46446 8.2929L4.05025 6.87868L0.514716 10.4142C0.123686 10.8052 0.123686 11.4374 0.514716 11.8284L6.17157 17.4853C6.5626 17.8763 7.19475 17.8763 7.58578 17.4853L11.1213 13.9497L9.7071 12.5355Z' fill='black'\/>\n            <path d='M6.17157 11.8284C6.5626 12.2195 7.19475 12.2195 7.58578 11.8284L11.8284 7.58579C12.2195 7.19476 12.2195 6.56261 11.8284 6.17158C11.4374 5.78055 10.8052 5.78055 10.4142 6.17158L6.17157 10.4142C5.78054 10.8052 5.78054 11.4374 6.17157 11.8284Z' fill='black'\/>\n            <\/svg> <\/a>\n<h2 class=\"wp-block-heading\">Vad fick dig att b\u00f6rja p\u00e5 S\u00e4kerhetsf\u00f6retagen?<\/h2>\n\n\n\n<p>\u2013 P\u00e5 min tidigare arbetsplats var jag dagligen i kontakt med f\u00f6retag som drabbades h\u00e5rt av kriminalitet och otrygghet. Jag imponerades ocks\u00e5 av alla f\u00f6retag verksamma inom s\u00e4kerhet som bidrog med konkreta l\u00f6sningar, redskap och hj\u00e4lpmedel f\u00f6r att minska risken f\u00f6r b\u00e5de f\u00f6retag och privatpersoner att uts\u00e4ttas f\u00f6r brott. Det k\u00e4ndes lockande att f\u00e5 m\u00f6jlighet att arbeta \u00e4nnu t\u00e4tare med de h\u00e4r viktiga f\u00f6retagen.<\/p>\n\n\n<a class='Share__link Share__link--url copy-text' href='#' rel='nofollow' data-text='vad-ser-du-mest-fram-emot?' title='Dela url' data-confirmation='L\u00e4nken kopierades till urklipp'><svg class='icon icon--link'  width='18' height='18' viewBox='0 0 18 18' fill='none' xmlns='http:\/\/www.w3.org\/2000\/svg'>\n            <path d='M10.4142 0.514721L6.87868 4.05025L8.29289 5.46447L11.1213 2.63604L15.364 6.87868L12.5355 9.70711L13.9497 11.1213L17.4853 7.58579C17.8763 7.19476 17.8763 6.5626 17.4853 6.17158L11.8284 0.514721C11.4374 0.123691 10.8052 0.123691 10.4142 0.514721Z' fill='black'\/>\n            <path d='M9.7071 12.5355L6.87868 15.364L2.63604 11.1213L5.46446 8.2929L4.05025 6.87868L0.514716 10.4142C0.123686 10.8052 0.123686 11.4374 0.514716 11.8284L6.17157 17.4853C6.5626 17.8763 7.19475 17.8763 7.58578 17.4853L11.1213 13.9497L9.7071 12.5355Z' fill='black'\/>\n            <path d='M6.17157 11.8284C6.5626 12.2195 7.19475 12.2195 7.58578 11.8284L11.8284 7.58579C12.2195 7.19476 12.2195 6.56261 11.8284 6.17158C11.4374 5.78055 10.8052 5.78055 10.4142 6.17158L6.17157 10.4142C5.78054 10.8052 5.78054 11.4374 6.17157 11.8284Z' fill='black'\/>\n            <\/svg> <\/a>\n<h2 class=\"wp-block-heading\">Vad ser du mest fram emot?<\/h2>\n\n\n\n<p>\u2013 Framf\u00f6r allt att f\u00e5 bes\u00f6ka den dagliga verksamheten hos S\u00e4kerhetsf\u00f6retagens medlemmar fr\u00e5n norr till s\u00f6der. Men ocks\u00e5 att utveckla och f\u00f6rdjupa dialogen med myndigheter och kommuner f\u00f6r att s\u00e4kerst\u00e4lla att branschens perspektiv tas tillvara och \u00f6ka f\u00f6rst\u00e5elsen f\u00f6r hur s\u00e4kerhetsf\u00f6retag bidrar till \u00f6kad trygghet.<\/p>\n","protected":false},"excerpt":{"rendered":"<p>Vem \u00e4r du? \u2013 Jag v\u00e4xte upp i Sk\u00e5ne och studerade i Lund. Under de senaste tio \u00e5ren har jag i olika former jobbat f\u00f6r att st\u00e4rka f\u00f6retagens villkor, f\u00f6rst p\u00e5 Svenskt N\u00e4ringsliv och senast &hellip;<\/p>\n","protected":false},"author":5886,"featured_media":1714,"comment_status":"open","ping_status":"open","sticky":false,"template":"","format":"standard","meta":{"_acf_changed":false,"footnotes":""},"categories":[155],"tags":[],"article_type":[],"agreement":[],"for-members":[],"class_list":["post-1619","post","type-post","status-publish","format-standard","has-post-thumbnail","hentry","category-aktuellt"],"acf":[],"yoast_head":"<!-- This site is optimized with the Yoast SEO plugin v26.8 - https:\/\/yoast.com\/product\/yoast-seo-wordpress\/ -->\n<title>Hall\u00e5 Pontus Lindstr\u00f6m \u2013 ny n\u00e4ringspolitisk chef p\u00e5 S\u00e4kerhetsf\u00f6retagen! Vem \u00e4r du? - S\u00e4kerhetsf\u00f6retagen<\/title>\n<meta name=\"robots\" content=\"index, follow, max-snippet:-1, max-image-preview:large, max-video-preview:-1\" \/>\n<link rel=\"canonical\" href=\"https:\/\/www.sakerhetsforetagen.se\/2023\/12\/11\/halla-pontus-lindstrom-ny-naringspolitisk-chef-pa-sakerhetsforetagen-vem-ar-du\/\" \/>\n<meta property=\"og:locale\" content=\"sv_SE\" \/>\n<meta property=\"og:type\" content=\"article\" \/>\n<meta property=\"og:title\" content=\"Hall\u00e5 Pontus Lindstr\u00f6m \u2013 ny n\u00e4ringspolitisk chef p\u00e5 S\u00e4kerhetsf\u00f6retagen! Vem \u00e4r du? - S\u00e4kerhetsf\u00f6retagen\" \/>\n<meta property=\"og:description\" content=\"Vem \u00e4r du? \u2013 Jag v\u00e4xte upp i Sk\u00e5ne och studerade i Lund. Under de senaste tio \u00e5ren har jag i olika former jobbat f\u00f6r att st\u00e4rka f\u00f6retagens villkor, f\u00f6rst p\u00e5 Svenskt N\u00e4ringsliv och senast &hellip;\" \/>\n<meta property=\"og:url\" content=\"https:\/\/www.sakerhetsforetagen.se\/2023\/12\/11\/halla-pontus-lindstrom-ny-naringspolitisk-chef-pa-sakerhetsforetagen-vem-ar-du\/\" \/>\n<meta property=\"og:site_name\" content=\"S\u00e4kerhetsf\u00f6retagen\" \/>\n<meta property=\"article:published_time\" content=\"2023-12-11T15:49:17+00:00\" \/>\n<meta property=\"article:modified_time\" content=\"2024-01-17T13:50:49+00:00\" \/>\n<meta property=\"og:image\" content=\"https:\/\/www.sakerhetsforetagen.se\/app\/uploads\/sites\/11\/2023\/12\/pontuslindstrom.png\" \/>\n\t<meta property=\"og:image:width\" content=\"1200\" \/>\n\t<meta property=\"og:image:height\" content=\"675\" \/>\n\t<meta property=\"og:image:type\" content=\"image\/png\" \/>\n<meta name=\"author\" content=\"Richard Org\u00e5rd\" \/>\n<meta name=\"twitter:card\" content=\"summary_large_image\" \/>\n<meta name=\"twitter:label1\" content=\"Skriven av\" \/>\n\t<meta name=\"twitter:data1\" content=\"Richard Org\u00e5rd\" \/>\n\t<meta name=\"twitter:label2\" content=\"Ber\u00e4knad l\u00e4stid\" \/>\n\t<meta name=\"twitter:data2\" content=\"2 minuter\" \/>\n<!-- \/ Yoast SEO plugin. -->","yoast_head_json":{"title":"Hall\u00e5 Pontus Lindstr\u00f6m \u2013 ny n\u00e4ringspolitisk chef p\u00e5 S\u00e4kerhetsf\u00f6retagen! Vem \u00e4r du? - S\u00e4kerhetsf\u00f6retagen","robots":{"index":"index","follow":"follow","max-snippet":"max-snippet:-1","max-image-preview":"max-image-preview:large","max-video-preview":"max-video-preview:-1"},"canonical":"https:\/\/www.sakerhetsforetagen.se\/2023\/12\/11\/halla-pontus-lindstrom-ny-naringspolitisk-chef-pa-sakerhetsforetagen-vem-ar-du\/","og_locale":"sv_SE","og_type":"article","og_title":"Hall\u00e5 Pontus Lindstr\u00f6m \u2013 ny n\u00e4ringspolitisk chef p\u00e5 S\u00e4kerhetsf\u00f6retagen! Vem \u00e4r du? - S\u00e4kerhetsf\u00f6retagen","og_description":"Vem \u00e4r du? \u2013 Jag v\u00e4xte upp i Sk\u00e5ne och studerade i Lund. Under de senaste tio \u00e5ren har jag i olika former jobbat f\u00f6r att st\u00e4rka f\u00f6retagens villkor, f\u00f6rst p\u00e5 Svenskt N\u00e4ringsliv och senast &hellip;","og_url":"https:\/\/www.sakerhetsforetagen.se\/2023\/12\/11\/halla-pontus-lindstrom-ny-naringspolitisk-chef-pa-sakerhetsforetagen-vem-ar-du\/","og_site_name":"S\u00e4kerhetsf\u00f6retagen","article_published_time":"2023-12-11T15:49:17+00:00","article_modified_time":"2024-01-17T13:50:49+00:00","og_image":[{"width":1200,"height":675,"url":"https:\/\/www.sakerhetsforetagen.se\/app\/uploads\/sites\/11\/2023\/12\/pontuslindstrom.png","type":"image\/png"}],"author":"Richard Org\u00e5rd","twitter_card":"summary_large_image","twitter_misc":{"Skriven av":"Richard Org\u00e5rd","Ber\u00e4knad l\u00e4stid":"2 minuter"},"schema":{"@context":"https:\/\/schema.org","@graph":[{"@type":"Article","@id":"https:\/\/www.sakerhetsforetagen.se\/2023\/12\/11\/halla-pontus-lindstrom-ny-naringspolitisk-chef-pa-sakerhetsforetagen-vem-ar-du\/#article","isPartOf":{"@id":"https:\/\/www.sakerhetsforetagen.se\/2023\/12\/11\/halla-pontus-lindstrom-ny-naringspolitisk-chef-pa-sakerhetsforetagen-vem-ar-du\/"},"author":{"name":"Richard Org\u00e5rd","@id":"https:\/\/www.sakerhetsforetagen.se\/#\/schema\/person\/a27a013369ea0a8f3621c3e635267527"},"headline":"Hall\u00e5 Pontus Lindstr\u00f6m \u2013 ny n\u00e4ringspolitisk chef p\u00e5 S\u00e4kerhets&shy;f\u00f6retagen! Vem \u00e4r du?","datePublished":"2023-12-11T15:49:17+00:00","dateModified":"2024-01-17T13:50:49+00:00","mainEntityOfPage":{"@id":"https:\/\/www.sakerhetsforetagen.se\/2023\/12\/11\/halla-pontus-lindstrom-ny-naringspolitisk-chef-pa-sakerhetsforetagen-vem-ar-du\/"},"wordCount":352,"commentCount":0,"image":{"@id":"https:\/\/www.sakerhetsforetagen.se\/2023\/12\/11\/halla-pontus-lindstrom-ny-naringspolitisk-chef-pa-sakerhetsforetagen-vem-ar-du\/#primaryimage"},"thumbnailUrl":"https:\/\/www.sakerhetsforetagen.se\/app\/uploads\/sites\/11\/2023\/12\/pontuslindstrom.png","articleSection":["Aktuellt"],"inLanguage":"sv-SE","potentialAction":[{"@type":"CommentAction","name":"Comment","target":["https:\/\/www.sakerhetsforetagen.se\/2023\/12\/11\/halla-pontus-lindstrom-ny-naringspolitisk-chef-pa-sakerhetsforetagen-vem-ar-du\/#respond"]}]},{"@type":"WebPage","@id":"https:\/\/www.sakerhetsforetagen.se\/2023\/12\/11\/halla-pontus-lindstrom-ny-naringspolitisk-chef-pa-sakerhetsforetagen-vem-ar-du\/","url":"https:\/\/www.sakerhetsforetagen.se\/2023\/12\/11\/halla-pontus-lindstrom-ny-naringspolitisk-chef-pa-sakerhetsforetagen-vem-ar-du\/","name":"Hall\u00e5 Pontus Lindstr\u00f6m \u2013 ny n\u00e4ringspolitisk chef p\u00e5 S\u00e4kerhetsf\u00f6retagen! Vem \u00e4r du? - S\u00e4kerhetsf\u00f6retagen","isPartOf":{"@id":"https:\/\/www.sakerhetsforetagen.se\/#website"},"primaryImageOfPage":{"@id":"https:\/\/www.sakerhetsforetagen.se\/2023\/12\/11\/halla-pontus-lindstrom-ny-naringspolitisk-chef-pa-sakerhetsforetagen-vem-ar-du\/#primaryimage"},"image":{"@id":"https:\/\/www.sakerhetsforetagen.se\/2023\/12\/11\/halla-pontus-lindstrom-ny-naringspolitisk-chef-pa-sakerhetsforetagen-vem-ar-du\/#primaryimage"},"thumbnailUrl":"https:\/\/www.sakerhetsforetagen.se\/app\/uploads\/sites\/11\/2023\/12\/pontuslindstrom.png","datePublished":"2023-12-11T15:49:17+00:00","dateModified":"2024-01-17T13:50:49+00:00","author":{"@id":"https:\/\/www.sakerhetsforetagen.se\/#\/schema\/person\/a27a013369ea0a8f3621c3e635267527"},"breadcrumb":{"@id":"https:\/\/www.sakerhetsforetagen.se\/2023\/12\/11\/halla-pontus-lindstrom-ny-naringspolitisk-chef-pa-sakerhetsforetagen-vem-ar-du\/#breadcrumb"},"inLanguage":"sv-SE","potentialAction":[{"@type":"ReadAction","target":["https:\/\/www.sakerhetsforetagen.se\/2023\/12\/11\/halla-pontus-lindstrom-ny-naringspolitisk-chef-pa-sakerhetsforetagen-vem-ar-du\/"]}]},{"@type":"ImageObject","inLanguage":"sv-SE","@id":"https:\/\/www.sakerhetsforetagen.se\/2023\/12\/11\/halla-pontus-lindstrom-ny-naringspolitisk-chef-pa-sakerhetsforetagen-vem-ar-du\/#primaryimage","url":"https:\/\/www.sakerhetsforetagen.se\/app\/uploads\/sites\/11\/2023\/12\/pontuslindstrom.png","contentUrl":"https:\/\/www.sakerhetsforetagen.se\/app\/uploads\/sites\/11\/2023\/12\/pontuslindstrom.png","width":1200,"height":675},{"@type":"BreadcrumbList","@id":"https:\/\/www.sakerhetsforetagen.se\/2023\/12\/11\/halla-pontus-lindstrom-ny-naringspolitisk-chef-pa-sakerhetsforetagen-vem-ar-du\/#breadcrumb","itemListElement":[{"@type":"ListItem","position":1,"name":"Home","item":"https:\/\/www.sakerhetsforetagen.se\/"},{"@type":"ListItem","position":2,"name":"Hall\u00e5 Pontus Lindstr\u00f6m \u2013 ny n\u00e4ringspolitisk chef p\u00e5 S\u00e4kerhets&shy;f\u00f6retagen! Vem \u00e4r du?"}]},{"@type":"WebSite","@id":"https:\/\/www.sakerhetsforetagen.se\/#website","url":"https:\/\/www.sakerhetsforetagen.se\/","name":"S\u00e4kerhetsf\u00f6retagen","description":"","potentialAction":[{"@type":"SearchAction","target":{"@type":"EntryPoint","urlTemplate":"https:\/\/www.sakerhetsforetagen.se\/?s={search_term_string}"},"query-input":{"@type":"PropertyValueSpecification","valueRequired":true,"valueName":"search_term_string"}}],"inLanguage":"sv-SE"},{"@type":"Person","@id":"https:\/\/www.sakerhetsforetagen.se\/#\/schema\/person\/a27a013369ea0a8f3621c3e635267527","name":"Richard Org\u00e5rd","image":{"@type":"ImageObject","inLanguage":"sv-SE","@id":"https:\/\/www.sakerhetsforetagen.se\/#\/schema\/person\/image\/","url":"https:\/\/secure.gravatar.com\/avatar\/895b1610449baf46b3d2ca04a18175a1918d3e5daf60c21d7062cac1695f8a45?s=96&d=mm&r=g","contentUrl":"https:\/\/secure.gravatar.com\/avatar\/895b1610449baf46b3d2ca04a18175a1918d3e5daf60c21d7062cac1695f8a45?s=96&d=mm&r=g","caption":"Richard Org\u00e5rd"},"description":"Richard \u00e4r chef f\u00f6r enheten Arbetsgivarservice och f\u00f6rbundsdirekt\u00f6r f\u00f6r S\u00e4kerhetsf\u00f6retagen.","url":"https:\/\/www.sakerhetsforetagen.se\/person\/richardorgard\/"}]}},"_links":{"self":[{"href":"https:\/\/www.sakerhetsforetagen.se\/api\/wp\/v2\/posts\/1619","targetHints":{"allow":["GET"]}}],"collection":[{"href":"https:\/\/www.sakerhetsforetagen.se\/api\/wp\/v2\/posts"}],"about":[{"href":"https:\/\/www.sakerhetsforetagen.se\/api\/wp\/v2\/types\/post"}],"author":[{"embeddable":true,"href":"https:\/\/www.sakerhetsforetagen.se\/api\/wp\/v2\/users\/5886"}],"replies":[{"embeddable":true,"href":"https:\/\/www.sakerhetsforetagen.se\/api\/wp\/v2\/comments?post=1619"}],"version-history":[{"count":28,"href":"https:\/\/www.sakerhetsforetagen.se\/api\/wp\/v2\/posts\/1619\/revisions"}],"predecessor-version":[{"id":1681,"href":"https:\/\/www.sakerhetsforetagen.se\/api\/wp\/v2\/posts\/1619\/revisions\/1681"}],"wp:featuredmedia":[{"embeddable":true,"href":"https:\/\/www.sakerhetsforetagen.se\/api\/wp\/v2\/media\/1714"}],"wp:attachment":[{"href":"https:\/\/www.sakerhetsforetagen.se\/api\/wp\/v2\/media?parent=1619"}],"wp:term":[{"taxonomy":"category","embeddable":true,"href":"https:\/\/www.sakerhetsforetagen.se\/api\/wp\/v2\/categories?post=1619"},{"taxonomy":"post_tag","embeddable":true,"href":"https:\/\/www.sakerhetsforetagen.se\/api\/wp\/v2\/tags?post=1619"},{"taxonomy":"type","embeddable":true,"href":"https:\/\/www.sakerhetsforetagen.se\/api\/wp\/v2\/article_type?post=1619"},{"taxonomy":"agreement","embeddable":true,"href":"https:\/\/www.sakerhetsforetagen.se\/api\/wp\/v2\/agreement?post=1619"},{"taxonomy":"for-members","embeddable":true,"href":"https:\/\/www.sakerhetsforetagen.se\/api\/wp\/v2\/for-members?post=1619"}],"curies":[{"name":"wp","href":"https:\/\/api.w.org\/{rel}","templated":true}]}}