{"id":1595,"date":"2023-11-20T06:45:05","date_gmt":"2023-11-20T05:45:05","guid":{"rendered":"https:\/\/www.sakerhetsforetagen.se\/?p=1595"},"modified":"2024-01-12T11:09:44","modified_gmt":"2024-01-12T10:09:44","slug":"sakerhetsforetagens-konjunkturrapport-for-q3-2023","status":"publish","type":"post","link":"https:\/\/www.sakerhetsforetagen.se\/2023\/11\/20\/sakerhetsforetagens-konjunkturrapport-for-q3-2023\/","title":{"rendered":"S\u00e4kerhets&shy;f\u00f6retagens konjunktur&shy;rapport f\u00f6r Q3 2023"},"content":{"rendered":"<p class=\"intro\">Otrygghet fr\u00e5n kriminalitet \u00e4r en aktuell samh\u00e4llsutmaning, vilket leder till att efterfr\u00e5gan p\u00e5 s\u00e4kerhetsf\u00f6retagens tj\u00e4nster \u00e4r rekordh\u00f6g, trots den ekonomiska l\u00e5gkonjunkturen.<\/p>\n\n<p>Det visar S\u00e4kerhetsf\u00f6retagens senaste konjunkturbarometer. Hela 77 procent av s\u00e4kerhetsf\u00f6retagen rapporterar att efterfr\u00e5gan f\u00f6r deras tj\u00e4nster har \u00f6kat under det tredje kvartalet 2023. Samtidigt rapporterar 66 procent av f\u00f6retagen att antalet anst\u00e4llda har vuxit under kvartalet.<\/p>\n\n\n\n<p><a href=\"https:\/\/www.sakerhetsforetagen.se\/rapporter\/\">L\u00e4s rapporten i dess helhet<\/a><\/p>\n","protected":false},"excerpt":{"rendered":"<p>Det visar S\u00e4kerhetsf\u00f6retagens senaste konjunkturbarometer. Hela 77 procent av s\u00e4kerhetsf\u00f6retagen rapporterar att efterfr\u00e5gan f\u00f6r deras tj\u00e4nster har \u00f6kat under det tredje kvartalet 2023. Samtidigt rapporterar 66 procent av f\u00f6retagen att antalet anst\u00e4llda har vuxit under &hellip;<\/p>\n","protected":false},"author":5886,"featured_media":265,"comment_status":"open","ping_status":"open","sticky":false,"template":"","format":"standard","meta":{"_acf_changed":false,"footnotes":""},"categories":[155],"tags":[158],"article_type":[],"agreement":[],"for-members":[],"class_list":["post-1595","post","type-post","status-publish","format-standard","has-post-thumbnail","hentry","category-aktuellt","tag-rapporter"],"acf":[],"yoast_head":"<!-- This site is optimized with the Yoast SEO plugin v26.8 - https:\/\/yoast.com\/product\/yoast-seo-wordpress\/ -->\n<title>S\u00e4kerhetsf\u00f6retagens konjunkturrapport f\u00f6r Q3 2023 - S\u00e4kerhetsf\u00f6retagen<\/title>\n<meta name=\"robots\" content=\"index, follow, max-snippet:-1, max-image-preview:large, max-video-preview:-1\" \/>\n<link rel=\"canonical\" href=\"https:\/\/www.sakerhetsforetagen.se\/2023\/11\/20\/sakerhetsforetagens-konjunkturrapport-for-q3-2023\/\" \/>\n<meta property=\"og:locale\" content=\"sv_SE\" \/>\n<meta property=\"og:type\" content=\"article\" \/>\n<meta property=\"og:title\" content=\"S\u00e4kerhetsf\u00f6retagens konjunkturrapport f\u00f6r Q3 2023 - S\u00e4kerhetsf\u00f6retagen\" \/>\n<meta property=\"og:description\" content=\"Det visar S\u00e4kerhetsf\u00f6retagens senaste konjunkturbarometer. Hela 77 procent av s\u00e4kerhetsf\u00f6retagen rapporterar att efterfr\u00e5gan f\u00f6r deras tj\u00e4nster har \u00f6kat under det tredje kvartalet 2023. Samtidigt rapporterar 66 procent av f\u00f6retagen att antalet anst\u00e4llda har vuxit under &hellip;\" \/>\n<meta property=\"og:url\" content=\"https:\/\/www.sakerhetsforetagen.se\/2023\/11\/20\/sakerhetsforetagens-konjunkturrapport-for-q3-2023\/\" \/>\n<meta property=\"og:site_name\" content=\"S\u00e4kerhetsf\u00f6retagen\" \/>\n<meta property=\"article:published_time\" content=\"2023-11-20T05:45:05+00:00\" \/>\n<meta property=\"article:modified_time\" content=\"2024-01-12T10:09:44+00:00\" \/>\n<meta property=\"og:image\" content=\"https:\/\/www.sakerhetsforetagen.se\/app\/uploads\/sites\/11\/2020\/12\/20135812-pa-jakt_sv-scaled.jpg\" \/>\n\t<meta property=\"og:image:width\" content=\"2560\" \/>\n\t<meta property=\"og:image:height\" content=\"1945\" \/>\n\t<meta property=\"og:image:type\" content=\"image\/jpeg\" \/>\n<meta name=\"author\" content=\"Richard Org\u00e5rd\" \/>\n<meta name=\"twitter:card\" content=\"summary_large_image\" \/>\n<meta name=\"twitter:label1\" content=\"Skriven av\" \/>\n\t<meta name=\"twitter:data1\" content=\"Richard Org\u00e5rd\" \/>\n\t<meta name=\"twitter:label2\" content=\"Ber\u00e4knad l\u00e4stid\" \/>\n\t<meta name=\"twitter:data2\" content=\"1 minut\" \/>\n<!-- \/ Yoast SEO plugin. -->","yoast_head_json":{"title":"S\u00e4kerhetsf\u00f6retagens konjunkturrapport f\u00f6r Q3 2023 - S\u00e4kerhetsf\u00f6retagen","robots":{"index":"index","follow":"follow","max-snippet":"max-snippet:-1","max-image-preview":"max-image-preview:large","max-video-preview":"max-video-preview:-1"},"canonical":"https:\/\/www.sakerhetsforetagen.se\/2023\/11\/20\/sakerhetsforetagens-konjunkturrapport-for-q3-2023\/","og_locale":"sv_SE","og_type":"article","og_title":"S\u00e4kerhetsf\u00f6retagens konjunkturrapport f\u00f6r Q3 2023 - S\u00e4kerhetsf\u00f6retagen","og_description":"Det visar S\u00e4kerhetsf\u00f6retagens senaste konjunkturbarometer. Hela 77 procent av s\u00e4kerhetsf\u00f6retagen rapporterar att efterfr\u00e5gan f\u00f6r deras tj\u00e4nster har \u00f6kat under det tredje kvartalet 2023. Samtidigt rapporterar 66 procent av f\u00f6retagen att antalet anst\u00e4llda har vuxit under &hellip;","og_url":"https:\/\/www.sakerhetsforetagen.se\/2023\/11\/20\/sakerhetsforetagens-konjunkturrapport-for-q3-2023\/","og_site_name":"S\u00e4kerhetsf\u00f6retagen","article_published_time":"2023-11-20T05:45:05+00:00","article_modified_time":"2024-01-12T10:09:44+00:00","og_image":[{"width":2560,"height":1945,"url":"https:\/\/www.sakerhetsforetagen.se\/app\/uploads\/sites\/11\/2020\/12\/20135812-pa-jakt_sv-scaled.jpg","type":"image\/jpeg"}],"author":"Richard Org\u00e5rd","twitter_card":"summary_large_image","twitter_misc":{"Skriven av":"Richard Org\u00e5rd","Ber\u00e4knad l\u00e4stid":"1 minut"},"schema":{"@context":"https:\/\/schema.org","@graph":[{"@type":"Article","@id":"https:\/\/www.sakerhetsforetagen.se\/2023\/11\/20\/sakerhetsforetagens-konjunkturrapport-for-q3-2023\/#article","isPartOf":{"@id":"https:\/\/www.sakerhetsforetagen.se\/2023\/11\/20\/sakerhetsforetagens-konjunkturrapport-for-q3-2023\/"},"author":{"name":"Richard Org\u00e5rd","@id":"https:\/\/www.sakerhetsforetagen.se\/#\/schema\/person\/a27a013369ea0a8f3621c3e635267527"},"headline":"S\u00e4kerhets&shy;f\u00f6retagens konjunktur&shy;rapport f\u00f6r Q3 2023","datePublished":"2023-11-20T05:45:05+00:00","dateModified":"2024-01-12T10:09:44+00:00","mainEntityOfPage":{"@id":"https:\/\/www.sakerhetsforetagen.se\/2023\/11\/20\/sakerhetsforetagens-konjunkturrapport-for-q3-2023\/"},"wordCount":55,"commentCount":0,"image":{"@id":"https:\/\/www.sakerhetsforetagen.se\/2023\/11\/20\/sakerhetsforetagens-konjunkturrapport-for-q3-2023\/#primaryimage"},"thumbnailUrl":"https:\/\/www.sakerhetsforetagen.se\/app\/uploads\/sites\/11\/2020\/12\/20135812-pa-jakt_sv-scaled.jpg","keywords":["Rapporter"],"articleSection":["Aktuellt"],"inLanguage":"sv-SE","potentialAction":[{"@type":"CommentAction","name":"Comment","target":["https:\/\/www.sakerhetsforetagen.se\/2023\/11\/20\/sakerhetsforetagens-konjunkturrapport-for-q3-2023\/#respond"]}]},{"@type":"WebPage","@id":"https:\/\/www.sakerhetsforetagen.se\/2023\/11\/20\/sakerhetsforetagens-konjunkturrapport-for-q3-2023\/","url":"https:\/\/www.sakerhetsforetagen.se\/2023\/11\/20\/sakerhetsforetagens-konjunkturrapport-for-q3-2023\/","name":"S\u00e4kerhetsf\u00f6retagens konjunkturrapport f\u00f6r Q3 2023 - S\u00e4kerhetsf\u00f6retagen","isPartOf":{"@id":"https:\/\/www.sakerhetsforetagen.se\/#website"},"primaryImageOfPage":{"@id":"https:\/\/www.sakerhetsforetagen.se\/2023\/11\/20\/sakerhetsforetagens-konjunkturrapport-for-q3-2023\/#primaryimage"},"image":{"@id":"https:\/\/www.sakerhetsforetagen.se\/2023\/11\/20\/sakerhetsforetagens-konjunkturrapport-for-q3-2023\/#primaryimage"},"thumbnailUrl":"https:\/\/www.sakerhetsforetagen.se\/app\/uploads\/sites\/11\/2020\/12\/20135812-pa-jakt_sv-scaled.jpg","datePublished":"2023-11-20T05:45:05+00:00","dateModified":"2024-01-12T10:09:44+00:00","author":{"@id":"https:\/\/www.sakerhetsforetagen.se\/#\/schema\/person\/a27a013369ea0a8f3621c3e635267527"},"breadcrumb":{"@id":"https:\/\/www.sakerhetsforetagen.se\/2023\/11\/20\/sakerhetsforetagens-konjunkturrapport-for-q3-2023\/#breadcrumb"},"inLanguage":"sv-SE","potentialAction":[{"@type":"ReadAction","target":["https:\/\/www.sakerhetsforetagen.se\/2023\/11\/20\/sakerhetsforetagens-konjunkturrapport-for-q3-2023\/"]}]},{"@type":"ImageObject","inLanguage":"sv-SE","@id":"https:\/\/www.sakerhetsforetagen.se\/2023\/11\/20\/sakerhetsforetagens-konjunkturrapport-for-q3-2023\/#primaryimage","url":"https:\/\/www.sakerhetsforetagen.se\/app\/uploads\/sites\/11\/2020\/12\/20135812-pa-jakt_sv-scaled.jpg","contentUrl":"https:\/\/www.sakerhetsforetagen.se\/app\/uploads\/sites\/11\/2020\/12\/20135812-pa-jakt_sv-scaled.jpg","width":2560,"height":1945,"caption":"Fotograf Eddie Granlund"},{"@type":"BreadcrumbList","@id":"https:\/\/www.sakerhetsforetagen.se\/2023\/11\/20\/sakerhetsforetagens-konjunkturrapport-for-q3-2023\/#breadcrumb","itemListElement":[{"@type":"ListItem","position":1,"name":"Home","item":"https:\/\/www.sakerhetsforetagen.se\/"},{"@type":"ListItem","position":2,"name":"S\u00e4kerhets&shy;f\u00f6retagens konjunktur&shy;rapport f\u00f6r Q3 2023"}]},{"@type":"WebSite","@id":"https:\/\/www.sakerhetsforetagen.se\/#website","url":"https:\/\/www.sakerhetsforetagen.se\/","name":"S\u00e4kerhetsf\u00f6retagen","description":"","potentialAction":[{"@type":"SearchAction","target":{"@type":"EntryPoint","urlTemplate":"https:\/\/www.sakerhetsforetagen.se\/?s={search_term_string}"},"query-input":{"@type":"PropertyValueSpecification","valueRequired":true,"valueName":"search_term_string"}}],"inLanguage":"sv-SE"},{"@type":"Person","@id":"https:\/\/www.sakerhetsforetagen.se\/#\/schema\/person\/a27a013369ea0a8f3621c3e635267527","name":"Richard Org\u00e5rd","image":{"@type":"ImageObject","inLanguage":"sv-SE","@id":"https:\/\/www.sakerhetsforetagen.se\/#\/schema\/person\/image\/","url":"https:\/\/secure.gravatar.com\/avatar\/895b1610449baf46b3d2ca04a18175a1918d3e5daf60c21d7062cac1695f8a45?s=96&d=mm&r=g","contentUrl":"https:\/\/secure.gravatar.com\/avatar\/895b1610449baf46b3d2ca04a18175a1918d3e5daf60c21d7062cac1695f8a45?s=96&d=mm&r=g","caption":"Richard Org\u00e5rd"},"description":"Richard \u00e4r chef f\u00f6r enheten Arbetsgivarservice och f\u00f6rbundsdirekt\u00f6r f\u00f6r S\u00e4kerhetsf\u00f6retagen.","url":"https:\/\/www.sakerhetsforetagen.se\/person\/richardorgard\/"}]}},"_links":{"self":[{"href":"https:\/\/www.sakerhetsforetagen.se\/api\/wp\/v2\/posts\/1595","targetHints":{"allow":["GET"]}}],"collection":[{"href":"https:\/\/www.sakerhetsforetagen.se\/api\/wp\/v2\/posts"}],"about":[{"href":"https:\/\/www.sakerhetsforetagen.se\/api\/wp\/v2\/types\/post"}],"author":[{"embeddable":true,"href":"https:\/\/www.sakerhetsforetagen.se\/api\/wp\/v2\/users\/5886"}],"replies":[{"embeddable":true,"href":"https:\/\/www.sakerhetsforetagen.se\/api\/wp\/v2\/comments?post=1595"}],"version-history":[{"count":12,"href":"https:\/\/www.sakerhetsforetagen.se\/api\/wp\/v2\/posts\/1595\/revisions"}],"predecessor-version":[{"id":1720,"href":"https:\/\/www.sakerhetsforetagen.se\/api\/wp\/v2\/posts\/1595\/revisions\/1720"}],"wp:featuredmedia":[{"embeddable":true,"href":"https:\/\/www.sakerhetsforetagen.se\/api\/wp\/v2\/media\/265"}],"wp:attachment":[{"href":"https:\/\/www.sakerhetsforetagen.se\/api\/wp\/v2\/media?parent=1595"}],"wp:term":[{"taxonomy":"category","embeddable":true,"href":"https:\/\/www.sakerhetsforetagen.se\/api\/wp\/v2\/categories?post=1595"},{"taxonomy":"post_tag","embeddable":true,"href":"https:\/\/www.sakerhetsforetagen.se\/api\/wp\/v2\/tags?post=1595"},{"taxonomy":"type","embeddable":true,"href":"https:\/\/www.sakerhetsforetagen.se\/api\/wp\/v2\/article_type?post=1595"},{"taxonomy":"agreement","embeddable":true,"href":"https:\/\/www.sakerhetsforetagen.se\/api\/wp\/v2\/agreement?post=1595"},{"taxonomy":"for-members","embeddable":true,"href":"https:\/\/www.sakerhetsforetagen.se\/api\/wp\/v2\/for-members?post=1595"}],"curies":[{"name":"wp","href":"https:\/\/api.w.org\/{rel}","templated":true}]}}