{"id":1585,"date":"2023-10-25T18:44:40","date_gmt":"2023-10-25T16:44:40","guid":{"rendered":"https:\/\/www.sakerhetsforetagen.se\/?p=1585"},"modified":"2024-01-12T11:11:01","modified_gmt":"2024-01-12T10:11:01","slug":"bevakningsindex-oktober-2023","status":"publish","type":"post","link":"https:\/\/www.sakerhetsforetagen.se\/2023\/10\/25\/bevakningsindex-oktober-2023\/","title":{"rendered":"Bevakningsindex oktober 2023"},"content":{"rendered":"<p class=\"intro\">Nu finns bevakningsindex f\u00f6r oktober 2023 publicerat.<\/p>\n\n<p>Statistiska centralbyr\u00e5n, SCB, tar p\u00e5 uppdrag av S\u00e4kerhetsf\u00f6retagen fram ett bevakningsindex. Syftet \u00e4r att m\u00e4ta \u00e4ndringar i kostnaderna f\u00f6r bevakningsarbeten. Oktober 2023 finns nu publicerat. <\/p>\n\n\n\n<p><a href=\"https:\/\/www.sakerhetsforetagen.se\/bevakningsindex-vaktartimme-och-avtalsvillkor\/\">Du finner bevakningsindex h\u00e4r.<\/a> <\/p>\n","protected":false},"excerpt":{"rendered":"<p>Statistiska centralbyr\u00e5n, SCB, tar p\u00e5 uppdrag av S\u00e4kerhetsf\u00f6retagen fram ett bevakningsindex. Syftet \u00e4r att m\u00e4ta \u00e4ndringar i kostnaderna f\u00f6r bevakningsarbeten. Oktober 2023 finns nu publicerat. Du finner bevakningsindex h\u00e4r.<\/p>\n","protected":false},"author":5886,"featured_media":1721,"comment_status":"open","ping_status":"open","sticky":false,"template":"","format":"standard","meta":{"_acf_changed":false,"footnotes":""},"categories":[155],"tags":[],"article_type":[],"agreement":[],"for-members":[],"class_list":["post-1585","post","type-post","status-publish","format-standard","has-post-thumbnail","hentry","category-aktuellt"],"acf":[],"yoast_head":"<!-- This site is optimized with the Yoast SEO plugin v26.8 - https:\/\/yoast.com\/product\/yoast-seo-wordpress\/ -->\n<title>Bevakningsindex oktober 2023 - S\u00e4kerhetsf\u00f6retagen<\/title>\n<meta name=\"robots\" content=\"index, follow, max-snippet:-1, max-image-preview:large, max-video-preview:-1\" \/>\n<link rel=\"canonical\" href=\"https:\/\/www.sakerhetsforetagen.se\/2023\/10\/25\/bevakningsindex-oktober-2023\/\" \/>\n<meta property=\"og:locale\" content=\"sv_SE\" \/>\n<meta property=\"og:type\" content=\"article\" \/>\n<meta property=\"og:title\" content=\"Bevakningsindex oktober 2023 - S\u00e4kerhetsf\u00f6retagen\" \/>\n<meta property=\"og:description\" content=\"Statistiska centralbyr\u00e5n, SCB, tar p\u00e5 uppdrag av S\u00e4kerhetsf\u00f6retagen fram ett bevakningsindex. Syftet \u00e4r att m\u00e4ta \u00e4ndringar i kostnaderna f\u00f6r bevakningsarbeten. Oktober 2023 finns nu publicerat. Du finner bevakningsindex h\u00e4r.\" \/>\n<meta property=\"og:url\" content=\"https:\/\/www.sakerhetsforetagen.se\/2023\/10\/25\/bevakningsindex-oktober-2023\/\" \/>\n<meta property=\"og:site_name\" content=\"S\u00e4kerhetsf\u00f6retagen\" \/>\n<meta property=\"article:published_time\" content=\"2023-10-25T16:44:40+00:00\" \/>\n<meta property=\"article:modified_time\" content=\"2024-01-12T10:11:01+00:00\" \/>\n<meta property=\"og:image\" content=\"https:\/\/www.sakerhetsforetagen.se\/app\/uploads\/sites\/11\/2023\/10\/it-scaled.jpg\" \/>\n\t<meta property=\"og:image:width\" content=\"2560\" \/>\n\t<meta property=\"og:image:height\" content=\"1696\" \/>\n\t<meta property=\"og:image:type\" content=\"image\/jpeg\" \/>\n<meta name=\"author\" content=\"Richard Org\u00e5rd\" \/>\n<meta name=\"twitter:card\" content=\"summary_large_image\" \/>\n<meta name=\"twitter:label1\" content=\"Skriven av\" \/>\n\t<meta name=\"twitter:data1\" content=\"Richard Org\u00e5rd\" \/>\n\t<meta name=\"twitter:label2\" content=\"Ber\u00e4knad l\u00e4stid\" \/>\n\t<meta name=\"twitter:data2\" content=\"1 minut\" \/>\n<!-- \/ Yoast SEO plugin. -->","yoast_head_json":{"title":"Bevakningsindex oktober 2023 - S\u00e4kerhetsf\u00f6retagen","robots":{"index":"index","follow":"follow","max-snippet":"max-snippet:-1","max-image-preview":"max-image-preview:large","max-video-preview":"max-video-preview:-1"},"canonical":"https:\/\/www.sakerhetsforetagen.se\/2023\/10\/25\/bevakningsindex-oktober-2023\/","og_locale":"sv_SE","og_type":"article","og_title":"Bevakningsindex oktober 2023 - S\u00e4kerhetsf\u00f6retagen","og_description":"Statistiska centralbyr\u00e5n, SCB, tar p\u00e5 uppdrag av S\u00e4kerhetsf\u00f6retagen fram ett bevakningsindex. Syftet \u00e4r att m\u00e4ta \u00e4ndringar i kostnaderna f\u00f6r bevakningsarbeten. Oktober 2023 finns nu publicerat. Du finner bevakningsindex h\u00e4r.","og_url":"https:\/\/www.sakerhetsforetagen.se\/2023\/10\/25\/bevakningsindex-oktober-2023\/","og_site_name":"S\u00e4kerhetsf\u00f6retagen","article_published_time":"2023-10-25T16:44:40+00:00","article_modified_time":"2024-01-12T10:11:01+00:00","og_image":[{"width":2560,"height":1696,"url":"https:\/\/www.sakerhetsforetagen.se\/app\/uploads\/sites\/11\/2023\/10\/it-scaled.jpg","type":"image\/jpeg"}],"author":"Richard Org\u00e5rd","twitter_card":"summary_large_image","twitter_misc":{"Skriven av":"Richard Org\u00e5rd","Ber\u00e4knad l\u00e4stid":"1 minut"},"schema":{"@context":"https:\/\/schema.org","@graph":[{"@type":"Article","@id":"https:\/\/www.sakerhetsforetagen.se\/2023\/10\/25\/bevakningsindex-oktober-2023\/#article","isPartOf":{"@id":"https:\/\/www.sakerhetsforetagen.se\/2023\/10\/25\/bevakningsindex-oktober-2023\/"},"author":{"name":"Richard Org\u00e5rd","@id":"https:\/\/www.sakerhetsforetagen.se\/#\/schema\/person\/a27a013369ea0a8f3621c3e635267527"},"headline":"Bevakningsindex oktober 2023","datePublished":"2023-10-25T16:44:40+00:00","dateModified":"2024-01-12T10:11:01+00:00","mainEntityOfPage":{"@id":"https:\/\/www.sakerhetsforetagen.se\/2023\/10\/25\/bevakningsindex-oktober-2023\/"},"wordCount":36,"commentCount":0,"image":{"@id":"https:\/\/www.sakerhetsforetagen.se\/2023\/10\/25\/bevakningsindex-oktober-2023\/#primaryimage"},"thumbnailUrl":"https:\/\/www.sakerhetsforetagen.se\/app\/uploads\/sites\/11\/2023\/10\/it-scaled.jpg","articleSection":["Aktuellt"],"inLanguage":"sv-SE","potentialAction":[{"@type":"CommentAction","name":"Comment","target":["https:\/\/www.sakerhetsforetagen.se\/2023\/10\/25\/bevakningsindex-oktober-2023\/#respond"]}]},{"@type":"WebPage","@id":"https:\/\/www.sakerhetsforetagen.se\/2023\/10\/25\/bevakningsindex-oktober-2023\/","url":"https:\/\/www.sakerhetsforetagen.se\/2023\/10\/25\/bevakningsindex-oktober-2023\/","name":"Bevakningsindex oktober 2023 - S\u00e4kerhetsf\u00f6retagen","isPartOf":{"@id":"https:\/\/www.sakerhetsforetagen.se\/#website"},"primaryImageOfPage":{"@id":"https:\/\/www.sakerhetsforetagen.se\/2023\/10\/25\/bevakningsindex-oktober-2023\/#primaryimage"},"image":{"@id":"https:\/\/www.sakerhetsforetagen.se\/2023\/10\/25\/bevakningsindex-oktober-2023\/#primaryimage"},"thumbnailUrl":"https:\/\/www.sakerhetsforetagen.se\/app\/uploads\/sites\/11\/2023\/10\/it-scaled.jpg","datePublished":"2023-10-25T16:44:40+00:00","dateModified":"2024-01-12T10:11:01+00:00","author":{"@id":"https:\/\/www.sakerhetsforetagen.se\/#\/schema\/person\/a27a013369ea0a8f3621c3e635267527"},"breadcrumb":{"@id":"https:\/\/www.sakerhetsforetagen.se\/2023\/10\/25\/bevakningsindex-oktober-2023\/#breadcrumb"},"inLanguage":"sv-SE","potentialAction":[{"@type":"ReadAction","target":["https:\/\/www.sakerhetsforetagen.se\/2023\/10\/25\/bevakningsindex-oktober-2023\/"]}]},{"@type":"ImageObject","inLanguage":"sv-SE","@id":"https:\/\/www.sakerhetsforetagen.se\/2023\/10\/25\/bevakningsindex-oktober-2023\/#primaryimage","url":"https:\/\/www.sakerhetsforetagen.se\/app\/uploads\/sites\/11\/2023\/10\/it-scaled.jpg","contentUrl":"https:\/\/www.sakerhetsforetagen.se\/app\/uploads\/sites\/11\/2023\/10\/it-scaled.jpg","width":2560,"height":1696},{"@type":"BreadcrumbList","@id":"https:\/\/www.sakerhetsforetagen.se\/2023\/10\/25\/bevakningsindex-oktober-2023\/#breadcrumb","itemListElement":[{"@type":"ListItem","position":1,"name":"Home","item":"https:\/\/www.sakerhetsforetagen.se\/"},{"@type":"ListItem","position":2,"name":"Bevakningsindex oktober 2023"}]},{"@type":"WebSite","@id":"https:\/\/www.sakerhetsforetagen.se\/#website","url":"https:\/\/www.sakerhetsforetagen.se\/","name":"S\u00e4kerhetsf\u00f6retagen","description":"","potentialAction":[{"@type":"SearchAction","target":{"@type":"EntryPoint","urlTemplate":"https:\/\/www.sakerhetsforetagen.se\/?s={search_term_string}"},"query-input":{"@type":"PropertyValueSpecification","valueRequired":true,"valueName":"search_term_string"}}],"inLanguage":"sv-SE"},{"@type":"Person","@id":"https:\/\/www.sakerhetsforetagen.se\/#\/schema\/person\/a27a013369ea0a8f3621c3e635267527","name":"Richard Org\u00e5rd","image":{"@type":"ImageObject","inLanguage":"sv-SE","@id":"https:\/\/www.sakerhetsforetagen.se\/#\/schema\/person\/image\/","url":"https:\/\/secure.gravatar.com\/avatar\/895b1610449baf46b3d2ca04a18175a1918d3e5daf60c21d7062cac1695f8a45?s=96&d=mm&r=g","contentUrl":"https:\/\/secure.gravatar.com\/avatar\/895b1610449baf46b3d2ca04a18175a1918d3e5daf60c21d7062cac1695f8a45?s=96&d=mm&r=g","caption":"Richard Org\u00e5rd"},"description":"Richard \u00e4r chef f\u00f6r enheten Arbetsgivarservice och f\u00f6rbundsdirekt\u00f6r f\u00f6r S\u00e4kerhetsf\u00f6retagen.","url":"https:\/\/www.sakerhetsforetagen.se\/person\/richardorgard\/"}]}},"_links":{"self":[{"href":"https:\/\/www.sakerhetsforetagen.se\/api\/wp\/v2\/posts\/1585","targetHints":{"allow":["GET"]}}],"collection":[{"href":"https:\/\/www.sakerhetsforetagen.se\/api\/wp\/v2\/posts"}],"about":[{"href":"https:\/\/www.sakerhetsforetagen.se\/api\/wp\/v2\/types\/post"}],"author":[{"embeddable":true,"href":"https:\/\/www.sakerhetsforetagen.se\/api\/wp\/v2\/users\/5886"}],"replies":[{"embeddable":true,"href":"https:\/\/www.sakerhetsforetagen.se\/api\/wp\/v2\/comments?post=1585"}],"version-history":[{"count":6,"href":"https:\/\/www.sakerhetsforetagen.se\/api\/wp\/v2\/posts\/1585\/revisions"}],"predecessor-version":[{"id":1678,"href":"https:\/\/www.sakerhetsforetagen.se\/api\/wp\/v2\/posts\/1585\/revisions\/1678"}],"wp:featuredmedia":[{"embeddable":true,"href":"https:\/\/www.sakerhetsforetagen.se\/api\/wp\/v2\/media\/1721"}],"wp:attachment":[{"href":"https:\/\/www.sakerhetsforetagen.se\/api\/wp\/v2\/media?parent=1585"}],"wp:term":[{"taxonomy":"category","embeddable":true,"href":"https:\/\/www.sakerhetsforetagen.se\/api\/wp\/v2\/categories?post=1585"},{"taxonomy":"post_tag","embeddable":true,"href":"https:\/\/www.sakerhetsforetagen.se\/api\/wp\/v2\/tags?post=1585"},{"taxonomy":"type","embeddable":true,"href":"https:\/\/www.sakerhetsforetagen.se\/api\/wp\/v2\/article_type?post=1585"},{"taxonomy":"agreement","embeddable":true,"href":"https:\/\/www.sakerhetsforetagen.se\/api\/wp\/v2\/agreement?post=1585"},{"taxonomy":"for-members","embeddable":true,"href":"https:\/\/www.sakerhetsforetagen.se\/api\/wp\/v2\/for-members?post=1585"}],"curies":[{"name":"wp","href":"https:\/\/api.w.org\/{rel}","templated":true}]}}