{"id":1488,"date":"2023-09-22T13:41:29","date_gmt":"2023-09-22T11:41:29","guid":{"rendered":"https:\/\/www.sakerhetsforetagen.se\/?p=1488"},"modified":"2023-09-22T13:41:30","modified_gmt":"2023-09-22T11:41:30","slug":"gemensam-skrivelse-av-agarna-till-id-06-kraver-battre-mojligheter-till-systematiserade-kontroller-via-id06-systemet","status":"publish","type":"post","link":"https:\/\/www.sakerhetsforetagen.se\/2023\/09\/22\/gemensam-skrivelse-av-agarna-till-id-06-kraver-battre-mojligheter-till-systematiserade-kontroller-via-id06-systemet\/","title":{"rendered":"Gemensam skrivelse av \u00e4garna till ID-06 &#8211; kr\u00e4ver b\u00e4ttre m\u00f6jligheter till systematiserade kontroller via ID06-systemet"},"content":{"rendered":"\n<p>S\u00e4kerhetsf\u00f6retagens f\u00f6rbundsdirekt\u00f6r Richard Org\u00e5rd har tillsammans med \u00f6vriga \u00e4gare till ID06 AB skrivit ett \u00f6ppet brev till r\u00e4ttsv\u00e5rdande myndigheter och ledam\u00f6ter i ber\u00f6rda riksdagsutskott. De elva organisationerna kr\u00e4ver b\u00e4ttre m\u00f6jligheter till systematiserade kontroller via ID06-systemet.<\/p>\n\n\n\n<p>F\u00f6ljande organisationer st\u00e5r bakom skrivelsen: M\u00e5lerif\u00f6retagen, Byggf\u00f6retagen, Byggherrarna, Fastighets\u00e4garna, Glasbranschf\u00f6reningen, Pl\u00e5t &amp; Ventf\u00f6retagen, Transportf\u00f6retagen, Maskinentrepren\u00f6rerna, Sveriges Allm\u00e4nnytta och S\u00e4kerhetsf\u00f6retagen.<\/p>\n\n\n\n<p>Skrivelsen i dess helhet finns att ta del av nedan<\/p>\n\n\n\n<object data-wp-bind--hidden=\"!state.hasPdfPreview\" hidden class=\"wp-block-file__embed\" data=\"https:\/\/www.sakerhetsforetagen.se\/app\/uploads\/sites\/11\/2023\/09\/Gemensam-skrivelse-efter-ID06-Agarrad-16-2023.pdf\" type=\"application\/pdf\" style=\"width:100%;height:600px\" aria-label=\"Inb\u00e4ddning av Gemensam-skrivelse-efter-ID06-Agarrad-16-2023.\"><\/object><a id=\"wp-block-file--media-493928a7-077d-4c9e-ac68-e09e3437278f\" href=\"https:\/\/www.sakerhetsforetagen.se\/app\/uploads\/sites\/11\/2023\/09\/Gemensam-skrivelse-efter-ID06-Agarrad-16-2023.pdf\">Gemensam-skrivelse-efter-ID06-Agarrad-16-2023<\/a><a href=\"https:\/\/www.sakerhetsforetagen.se\/app\/uploads\/sites\/11\/2023\/09\/Gemensam-skrivelse-efter-ID06-Agarrad-16-2023.pdf\" class=\"wp-block-file__button wp-element-button\" download aria-describedby=\"wp-block-file--media-493928a7-077d-4c9e-ac68-e09e3437278f\">Ladda ner<\/a>\n","protected":false},"excerpt":{"rendered":"<p>S\u00e4kerhetsf\u00f6retagens f\u00f6rbundsdirekt\u00f6r Richard Org\u00e5rd har tillsammans med \u00f6vriga \u00e4gare till ID06 AB skrivit ett \u00f6ppet brev till r\u00e4ttsv\u00e5rdande myndigheter och ledam\u00f6ter i ber\u00f6rda riksdagsutskott. De elva organisationerna kr\u00e4ver b\u00e4ttre m\u00f6jligheter till systematiserade kontroller via ID06-systemet. &hellip;<\/p>\n","protected":false},"author":5886,"featured_media":291,"comment_status":"open","ping_status":"open","sticky":false,"template":"","format":"standard","meta":{"_acf_changed":false,"footnotes":""},"categories":[155],"tags":[],"article_type":[],"agreement":[],"for-members":[],"class_list":["post-1488","post","type-post","status-publish","format-standard","has-post-thumbnail","hentry","category-aktuellt"],"acf":[],"yoast_head":"<!-- This site is optimized with the Yoast SEO plugin v26.8 - https:\/\/yoast.com\/product\/yoast-seo-wordpress\/ -->\n<title>Gemensam skrivelse av \u00e4garna till ID-06 - kr\u00e4ver b\u00e4ttre m\u00f6jligheter till systematiserade kontroller via ID06-systemet - S\u00e4kerhetsf\u00f6retagen<\/title>\n<meta name=\"robots\" content=\"index, follow, max-snippet:-1, max-image-preview:large, max-video-preview:-1\" \/>\n<link rel=\"canonical\" href=\"https:\/\/www.sakerhetsforetagen.se\/2023\/09\/22\/gemensam-skrivelse-av-agarna-till-id-06-kraver-battre-mojligheter-till-systematiserade-kontroller-via-id06-systemet\/\" \/>\n<meta property=\"og:locale\" content=\"sv_SE\" \/>\n<meta property=\"og:type\" content=\"article\" \/>\n<meta property=\"og:title\" content=\"Gemensam skrivelse av \u00e4garna till ID-06 - kr\u00e4ver b\u00e4ttre m\u00f6jligheter till systematiserade kontroller via ID06-systemet - S\u00e4kerhetsf\u00f6retagen\" \/>\n<meta property=\"og:description\" content=\"S\u00e4kerhetsf\u00f6retagens f\u00f6rbundsdirekt\u00f6r Richard Org\u00e5rd har tillsammans med \u00f6vriga \u00e4gare till ID06 AB skrivit ett \u00f6ppet brev till r\u00e4ttsv\u00e5rdande myndigheter och ledam\u00f6ter i ber\u00f6rda riksdagsutskott. De elva organisationerna kr\u00e4ver b\u00e4ttre m\u00f6jligheter till systematiserade kontroller via ID06-systemet. &hellip;\" \/>\n<meta property=\"og:url\" content=\"https:\/\/www.sakerhetsforetagen.se\/2023\/09\/22\/gemensam-skrivelse-av-agarna-till-id-06-kraver-battre-mojligheter-till-systematiserade-kontroller-via-id06-systemet\/\" \/>\n<meta property=\"og:site_name\" content=\"S\u00e4kerhetsf\u00f6retagen\" \/>\n<meta property=\"article:published_time\" content=\"2023-09-22T11:41:29+00:00\" \/>\n<meta property=\"article:modified_time\" content=\"2023-09-22T11:41:30+00:00\" \/>\n<meta property=\"og:image\" content=\"https:\/\/www.sakerhetsforetagen.se\/app\/uploads\/sites\/11\/2020\/12\/sakrapport_200224.jpg\" \/>\n\t<meta property=\"og:image:width\" content=\"1600\" \/>\n\t<meta property=\"og:image:height\" content=\"800\" \/>\n\t<meta property=\"og:image:type\" content=\"image\/jpeg\" \/>\n<meta name=\"author\" content=\"Richard Org\u00e5rd\" \/>\n<meta name=\"twitter:card\" content=\"summary_large_image\" \/>\n<meta name=\"twitter:label1\" content=\"Skriven av\" \/>\n\t<meta name=\"twitter:data1\" content=\"Richard Org\u00e5rd\" \/>\n\t<meta name=\"twitter:label2\" content=\"Ber\u00e4knad l\u00e4stid\" \/>\n\t<meta name=\"twitter:data2\" content=\"1 minut\" \/>\n<!-- \/ Yoast SEO plugin. -->","yoast_head_json":{"title":"Gemensam skrivelse av \u00e4garna till ID-06 - kr\u00e4ver b\u00e4ttre m\u00f6jligheter till systematiserade kontroller via ID06-systemet - S\u00e4kerhetsf\u00f6retagen","robots":{"index":"index","follow":"follow","max-snippet":"max-snippet:-1","max-image-preview":"max-image-preview:large","max-video-preview":"max-video-preview:-1"},"canonical":"https:\/\/www.sakerhetsforetagen.se\/2023\/09\/22\/gemensam-skrivelse-av-agarna-till-id-06-kraver-battre-mojligheter-till-systematiserade-kontroller-via-id06-systemet\/","og_locale":"sv_SE","og_type":"article","og_title":"Gemensam skrivelse av \u00e4garna till ID-06 - kr\u00e4ver b\u00e4ttre m\u00f6jligheter till systematiserade kontroller via ID06-systemet - S\u00e4kerhetsf\u00f6retagen","og_description":"S\u00e4kerhetsf\u00f6retagens f\u00f6rbundsdirekt\u00f6r Richard Org\u00e5rd har tillsammans med \u00f6vriga \u00e4gare till ID06 AB skrivit ett \u00f6ppet brev till r\u00e4ttsv\u00e5rdande myndigheter och ledam\u00f6ter i ber\u00f6rda riksdagsutskott. De elva organisationerna kr\u00e4ver b\u00e4ttre m\u00f6jligheter till systematiserade kontroller via ID06-systemet. &hellip;","og_url":"https:\/\/www.sakerhetsforetagen.se\/2023\/09\/22\/gemensam-skrivelse-av-agarna-till-id-06-kraver-battre-mojligheter-till-systematiserade-kontroller-via-id06-systemet\/","og_site_name":"S\u00e4kerhetsf\u00f6retagen","article_published_time":"2023-09-22T11:41:29+00:00","article_modified_time":"2023-09-22T11:41:30+00:00","og_image":[{"width":1600,"height":800,"url":"https:\/\/www.sakerhetsforetagen.se\/app\/uploads\/sites\/11\/2020\/12\/sakrapport_200224.jpg","type":"image\/jpeg"}],"author":"Richard Org\u00e5rd","twitter_card":"summary_large_image","twitter_misc":{"Skriven av":"Richard Org\u00e5rd","Ber\u00e4knad l\u00e4stid":"1 minut"},"schema":{"@context":"https:\/\/schema.org","@graph":[{"@type":"Article","@id":"https:\/\/www.sakerhetsforetagen.se\/2023\/09\/22\/gemensam-skrivelse-av-agarna-till-id-06-kraver-battre-mojligheter-till-systematiserade-kontroller-via-id06-systemet\/#article","isPartOf":{"@id":"https:\/\/www.sakerhetsforetagen.se\/2023\/09\/22\/gemensam-skrivelse-av-agarna-till-id-06-kraver-battre-mojligheter-till-systematiserade-kontroller-via-id06-systemet\/"},"author":{"name":"Richard Org\u00e5rd","@id":"https:\/\/www.sakerhetsforetagen.se\/#\/schema\/person\/a27a013369ea0a8f3621c3e635267527"},"headline":"Gemensam skrivelse av \u00e4garna till ID-06 &#8211; kr\u00e4ver b\u00e4ttre m\u00f6jligheter till systematiserade kontroller via ID06-systemet","datePublished":"2023-09-22T11:41:29+00:00","dateModified":"2023-09-22T11:41:30+00:00","mainEntityOfPage":{"@id":"https:\/\/www.sakerhetsforetagen.se\/2023\/09\/22\/gemensam-skrivelse-av-agarna-till-id-06-kraver-battre-mojligheter-till-systematiserade-kontroller-via-id06-systemet\/"},"wordCount":115,"commentCount":0,"image":{"@id":"https:\/\/www.sakerhetsforetagen.se\/2023\/09\/22\/gemensam-skrivelse-av-agarna-till-id-06-kraver-battre-mojligheter-till-systematiserade-kontroller-via-id06-systemet\/#primaryimage"},"thumbnailUrl":"https:\/\/www.sakerhetsforetagen.se\/app\/uploads\/sites\/11\/2020\/12\/sakrapport_200224.jpg","articleSection":["Aktuellt"],"inLanguage":"sv-SE","potentialAction":[{"@type":"CommentAction","name":"Comment","target":["https:\/\/www.sakerhetsforetagen.se\/2023\/09\/22\/gemensam-skrivelse-av-agarna-till-id-06-kraver-battre-mojligheter-till-systematiserade-kontroller-via-id06-systemet\/#respond"]}]},{"@type":"WebPage","@id":"https:\/\/www.sakerhetsforetagen.se\/2023\/09\/22\/gemensam-skrivelse-av-agarna-till-id-06-kraver-battre-mojligheter-till-systematiserade-kontroller-via-id06-systemet\/","url":"https:\/\/www.sakerhetsforetagen.se\/2023\/09\/22\/gemensam-skrivelse-av-agarna-till-id-06-kraver-battre-mojligheter-till-systematiserade-kontroller-via-id06-systemet\/","name":"Gemensam skrivelse av \u00e4garna till ID-06 - kr\u00e4ver b\u00e4ttre m\u00f6jligheter till systematiserade kontroller via ID06-systemet - S\u00e4kerhetsf\u00f6retagen","isPartOf":{"@id":"https:\/\/www.sakerhetsforetagen.se\/#website"},"primaryImageOfPage":{"@id":"https:\/\/www.sakerhetsforetagen.se\/2023\/09\/22\/gemensam-skrivelse-av-agarna-till-id-06-kraver-battre-mojligheter-till-systematiserade-kontroller-via-id06-systemet\/#primaryimage"},"image":{"@id":"https:\/\/www.sakerhetsforetagen.se\/2023\/09\/22\/gemensam-skrivelse-av-agarna-till-id-06-kraver-battre-mojligheter-till-systematiserade-kontroller-via-id06-systemet\/#primaryimage"},"thumbnailUrl":"https:\/\/www.sakerhetsforetagen.se\/app\/uploads\/sites\/11\/2020\/12\/sakrapport_200224.jpg","datePublished":"2023-09-22T11:41:29+00:00","dateModified":"2023-09-22T11:41:30+00:00","author":{"@id":"https:\/\/www.sakerhetsforetagen.se\/#\/schema\/person\/a27a013369ea0a8f3621c3e635267527"},"breadcrumb":{"@id":"https:\/\/www.sakerhetsforetagen.se\/2023\/09\/22\/gemensam-skrivelse-av-agarna-till-id-06-kraver-battre-mojligheter-till-systematiserade-kontroller-via-id06-systemet\/#breadcrumb"},"inLanguage":"sv-SE","potentialAction":[{"@type":"ReadAction","target":["https:\/\/www.sakerhetsforetagen.se\/2023\/09\/22\/gemensam-skrivelse-av-agarna-till-id-06-kraver-battre-mojligheter-till-systematiserade-kontroller-via-id06-systemet\/"]}]},{"@type":"ImageObject","inLanguage":"sv-SE","@id":"https:\/\/www.sakerhetsforetagen.se\/2023\/09\/22\/gemensam-skrivelse-av-agarna-till-id-06-kraver-battre-mojligheter-till-systematiserade-kontroller-via-id06-systemet\/#primaryimage","url":"https:\/\/www.sakerhetsforetagen.se\/app\/uploads\/sites\/11\/2020\/12\/sakrapport_200224.jpg","contentUrl":"https:\/\/www.sakerhetsforetagen.se\/app\/uploads\/sites\/11\/2020\/12\/sakrapport_200224.jpg","width":1600,"height":800},{"@type":"BreadcrumbList","@id":"https:\/\/www.sakerhetsforetagen.se\/2023\/09\/22\/gemensam-skrivelse-av-agarna-till-id-06-kraver-battre-mojligheter-till-systematiserade-kontroller-via-id06-systemet\/#breadcrumb","itemListElement":[{"@type":"ListItem","position":1,"name":"Home","item":"https:\/\/www.sakerhetsforetagen.se\/"},{"@type":"ListItem","position":2,"name":"Gemensam skrivelse av \u00e4garna till ID-06 &#8211; kr\u00e4ver b\u00e4ttre m\u00f6jligheter till systematiserade kontroller via ID06-systemet"}]},{"@type":"WebSite","@id":"https:\/\/www.sakerhetsforetagen.se\/#website","url":"https:\/\/www.sakerhetsforetagen.se\/","name":"S\u00e4kerhetsf\u00f6retagen","description":"","potentialAction":[{"@type":"SearchAction","target":{"@type":"EntryPoint","urlTemplate":"https:\/\/www.sakerhetsforetagen.se\/?s={search_term_string}"},"query-input":{"@type":"PropertyValueSpecification","valueRequired":true,"valueName":"search_term_string"}}],"inLanguage":"sv-SE"},{"@type":"Person","@id":"https:\/\/www.sakerhetsforetagen.se\/#\/schema\/person\/a27a013369ea0a8f3621c3e635267527","name":"Richard Org\u00e5rd","image":{"@type":"ImageObject","inLanguage":"sv-SE","@id":"https:\/\/www.sakerhetsforetagen.se\/#\/schema\/person\/image\/","url":"https:\/\/secure.gravatar.com\/avatar\/895b1610449baf46b3d2ca04a18175a1918d3e5daf60c21d7062cac1695f8a45?s=96&d=mm&r=g","contentUrl":"https:\/\/secure.gravatar.com\/avatar\/895b1610449baf46b3d2ca04a18175a1918d3e5daf60c21d7062cac1695f8a45?s=96&d=mm&r=g","caption":"Richard Org\u00e5rd"},"description":"Richard \u00e4r chef f\u00f6r enheten Arbetsgivarservice och f\u00f6rbundsdirekt\u00f6r f\u00f6r S\u00e4kerhetsf\u00f6retagen.","url":"https:\/\/www.sakerhetsforetagen.se\/person\/richardorgard\/"}]}},"_links":{"self":[{"href":"https:\/\/www.sakerhetsforetagen.se\/api\/wp\/v2\/posts\/1488","targetHints":{"allow":["GET"]}}],"collection":[{"href":"https:\/\/www.sakerhetsforetagen.se\/api\/wp\/v2\/posts"}],"about":[{"href":"https:\/\/www.sakerhetsforetagen.se\/api\/wp\/v2\/types\/post"}],"author":[{"embeddable":true,"href":"https:\/\/www.sakerhetsforetagen.se\/api\/wp\/v2\/users\/5886"}],"replies":[{"embeddable":true,"href":"https:\/\/www.sakerhetsforetagen.se\/api\/wp\/v2\/comments?post=1488"}],"version-history":[{"count":3,"href":"https:\/\/www.sakerhetsforetagen.se\/api\/wp\/v2\/posts\/1488\/revisions"}],"predecessor-version":[{"id":1492,"href":"https:\/\/www.sakerhetsforetagen.se\/api\/wp\/v2\/posts\/1488\/revisions\/1492"}],"wp:featuredmedia":[{"embeddable":true,"href":"https:\/\/www.sakerhetsforetagen.se\/api\/wp\/v2\/media\/291"}],"wp:attachment":[{"href":"https:\/\/www.sakerhetsforetagen.se\/api\/wp\/v2\/media?parent=1488"}],"wp:term":[{"taxonomy":"category","embeddable":true,"href":"https:\/\/www.sakerhetsforetagen.se\/api\/wp\/v2\/categories?post=1488"},{"taxonomy":"post_tag","embeddable":true,"href":"https:\/\/www.sakerhetsforetagen.se\/api\/wp\/v2\/tags?post=1488"},{"taxonomy":"type","embeddable":true,"href":"https:\/\/www.sakerhetsforetagen.se\/api\/wp\/v2\/article_type?post=1488"},{"taxonomy":"agreement","embeddable":true,"href":"https:\/\/www.sakerhetsforetagen.se\/api\/wp\/v2\/agreement?post=1488"},{"taxonomy":"for-members","embeddable":true,"href":"https:\/\/www.sakerhetsforetagen.se\/api\/wp\/v2\/for-members?post=1488"}],"curies":[{"name":"wp","href":"https:\/\/api.w.org\/{rel}","templated":true}]}}